{"id":593,"date":"2026-02-13T23:47:10","date_gmt":"2026-02-14T02:47:10","guid":{"rendered":"https:\/\/lahoratendencias.audiencelabs.com.br\/?p=593"},"modified":"2026-02-13T23:47:13","modified_gmt":"2026-02-14T02:47:13","slug":"llamado-urgente-a-evacuar","status":"publish","type":"post","link":"https:\/\/lahoratendencias.audiencelabs.com.br\/llamado-urgente-a-evacuar\/","title":{"rendered":"Llamado urgente a evacuar: el fuego se acerca peligrosamente a sectores poblados"},"content":{"rendered":"\n<p>El cielo de la Quinta Regi\u00f3n se ti\u00f1\u00f3 de un naranja siniestro este viernes 13 de febrero de 2026. <\/p>\n\n\n\n<p>Lo que comenz\u00f3 como una columna de humo lejana se transform\u00f3 r\u00e1pidamente en una pesadilla para cientos de familias y en un llamado urgente a evacuar. <\/p>\n\n\n\n<p>En Limache y Conc\u00f3n, el aroma a eucalipto quemado reemplaz\u00f3 la brisa marina de un atardecer que promet\u00eda descanso. <\/p>\n\n\n\n<p>La calma del fin de semana se rompi\u00f3 cuando los celulares de toda la zona comenzaron a vibrar con el estruendo del sistema SAE. <\/p>\n\n\n\n<p>No era un simulacro, sino una orden directa de evacuaci\u00f3n que obligaba a dejarlo todo para salvar lo m\u00e1s importante: la vida. <\/p>\n\n\n\n<p>Las llamas del siniestro denominado &#8220;Forestal ACE 2&#8221; avanzaron con una voracidad que desafi\u00f3 los pron\u00f3sticos m\u00e1s pesimistas. <\/p>\n\n\n\n<p>El fuego no solo amenaz\u00f3 los bosques secos de la zona central, sino que lami\u00f3 los cercos de poblaciones y condominios. <\/p>\n\n\n\n<p>La angustia se apoder\u00f3 de quienes ve\u00edan c\u00f3mo el humo envolv\u00eda las torres de alta tensi\u00f3n en el sector Los Laureles. <\/p>\n\n\n\n<p>Esta es la cr\u00f3nica de una jornada de infarto donde el coraje de los brigadistas fue la \u00fanica barrera contra el desastre. <\/p>\n\n\n\n<p>Valpara\u00edso vuelve a demostrar que su geograf\u00eda es tan hermosa como peligrosa cuando el calor y el viento se confabulan.<\/p>\n\n\n\n<h2 class=\"wp-block-heading\">Alerta Roja en la zona central y llamado urgente a evacuar<\/h2>\n\n\n\n<p>A las 18:41 horas, Senapred decret\u00f3 la Alerta Roja para Limache, marcando el inicio de una carrera contra el tiempo. <\/p>\n\n\n\n<p>Los sectores de Poblaci\u00f3n Los Aromos 1 y El Portezuelo recibieron la orden de salir de inmediato de sus hogares. <\/p>\n\n\n\n<p>Minutos despu\u00e9s, la alarma se extendi\u00f3 a la comuna de Conc\u00f3n, afectando a la Comunidad Los Peumos y el Condominio Maximiliano. <\/p>\n\n\n\n<p>La emergencia subi\u00f3 de tono cuando las autoridades confirmaron que cuatro focos distintos terminaron uni\u00e9ndose en un solo frente. <\/p>\n\n\n\n<p>Ya entrada la noche, se sumaron a la lista de evacuaci\u00f3n los sectores de La Higuera y Los Espinos por el riesgo inminente. <\/p>\n\n\n\n<h5 class=\"wp-block-heading\">Te puede interesar: <a href=\"https:\/\/www.lahora.cl\/tendencias\/nino-enfermedad-ultra-rara\/\" target=\"_blank\" rel=\"noopener\">Ni\u00f1o con una enfermedad ultra rara en Chile necesita ayuda urgente para tratamiento que no existe en el pa\u00eds<\/a><\/h5>\n\n\n\n<p>Doce brigadas de Conaf y dieciocho carros de Bomberos de Vi\u00f1a del Mar se lanzaron al combate cuerpo a cuerpo con las llamas. <\/p>\n\n\n\n<p>Desde el aire, cuatro aeronaves y tres tanqueros realizaron descargas constantes para intentar frenar el avance hacia las casas. <\/p>\n\n\n\n<p>El delegado presidencial de Marga Marga, Fidel Cueto, confirm\u00f3 que la situaci\u00f3n oblig\u00f3 a una coordinaci\u00f3n total entre comunas. <\/p>\n\n\n\n<p>Hasta el \u00faltimo reporte, el fuego ya ha devorado una superficie preliminar de 140 hect\u00e1reas de vegetaci\u00f3n nativa y matorral. <\/p>\n\n\n\n<p>La Alerta Roja bicomunal se mantiene activa mientras los equipos de emergencia vigilan cada r\u00e1faga de viento en la quebrada.<\/p>\n\n\n\n<h2 class=\"wp-block-heading\">Proteger el hogar bajo la lluvia de cenizas<\/h2>\n\n\n\n<p>A pesar de la magnitud del siniestro, el primer balance de la noche trajo un peque\u00f1o respiro para la comunidad. <\/p>\n\n\n\n<p>Hasta las 21:00 horas, no se reportaron viviendas destruidas ni personas lesionadas por la acci\u00f3n directa del fuego. <\/p>\n\n\n\n<p>Los voluntarios de Bomberos y las brigadas forestales han trabajado sin descanso para levantar cortafuegos estrat\u00e9gicos. <\/p>\n\n\n\n<p>La principal preocupaci\u00f3n sigue siendo la cercan\u00eda de las llamas con los tendidos el\u00e9ctricos que alimentan a gran parte de la regi\u00f3n. <\/p>\n\n\n\n<p>En los sectores evacuados, Carabineros custodia las calles para asegurar que las familias puedan salir con orden y seguridad. <\/p>\n\n\n\n<p>El director regional de Conaf, Mauricio N\u00fa\u00f1ez, advirti\u00f3 que el incendio sigue activo y con un comportamiento extremadamente err\u00e1tico. <\/p>\n\n\n\n<p>Para los habitantes de la zona, esta noche ser\u00e1 de vigilia constante, con un ojo puesto en los cerros y otro en los avisos oficiales. <\/p>\n\n\n\n<p>La solidaridad entre vecinos ha sido clave para ayudar a los adultos mayores y mascotas a dejar las zonas de mayor riesgo. <\/p>\n\n\n\n<p>Chile vuelve a ponerse a prueba frente a la fuerza de la naturaleza en un verano que no ha dado respiro a los equipos de emergencia. <\/p>\n\n\n\n<p>La batalla por Limache y Conc\u00f3n contin\u00faa, recordando la importancia de seguir cada instrucci\u00f3n de las autoridades sin dudar.<\/p>\n","protected":false},"excerpt":{"rendered":"<p>El cielo de la Quinta Regi\u00f3n se ti\u00f1\u00f3 de un naranja siniestro este viernes 13 de febrero de 2026. Lo que comenz\u00f3 como una columna de humo lejana se transform\u00f3 r\u00e1pidamente en una pesadilla para cientos de familias y en un llamado urgente a evacuar. En Limache y Conc\u00f3n, el aroma a eucalipto quemado reemplaz\u00f3 [&hellip;]<\/p>\n","protected":false},"author":2,"featured_media":594,"comment_status":"open","ping_status":"open","sticky":false,"template":"","format":"standard","meta":{"jnews-multi-image_gallery":[],"jnews_single_post":{"format":"standard"},"jnews_primary_category":[],"jnews_social_meta":[],"jnews_post_split":[],"footnotes":""},"categories":[1],"tags":[230,229,231,233,232],"class_list":["post-593","post","type-post","status-publish","format-standard","has-post-thumbnail","hentry","category-uncategorized","tag-fuego","tag-incendio","tag-limache","tag-senapred","tag-valparaiso"],"_links":{"self":[{"href":"https:\/\/lahoratendencias.audiencelabs.com.br\/wp-json\/wp\/v2\/posts\/593","targetHints":{"allow":["GET"]}}],"collection":[{"href":"https:\/\/lahoratendencias.audiencelabs.com.br\/wp-json\/wp\/v2\/posts"}],"about":[{"href":"https:\/\/lahoratendencias.audiencelabs.com.br\/wp-json\/wp\/v2\/types\/post"}],"author":[{"embeddable":true,"href":"https:\/\/lahoratendencias.audiencelabs.com.br\/wp-json\/wp\/v2\/users\/2"}],"replies":[{"embeddable":true,"href":"https:\/\/lahoratendencias.audiencelabs.com.br\/wp-json\/wp\/v2\/comments?post=593"}],"version-history":[{"count":1,"href":"https:\/\/lahoratendencias.audiencelabs.com.br\/wp-json\/wp\/v2\/posts\/593\/revisions"}],"predecessor-version":[{"id":595,"href":"https:\/\/lahoratendencias.audiencelabs.com.br\/wp-json\/wp\/v2\/posts\/593\/revisions\/595"}],"wp:featuredmedia":[{"embeddable":true,"href":"https:\/\/lahoratendencias.audiencelabs.com.br\/wp-json\/wp\/v2\/media\/594"}],"wp:attachment":[{"href":"https:\/\/lahoratendencias.audiencelabs.com.br\/wp-json\/wp\/v2\/media?parent=593"}],"wp:term":[{"taxonomy":"category","embeddable":true,"href":"https:\/\/lahoratendencias.audiencelabs.com.br\/wp-json\/wp\/v2\/categories?post=593"},{"taxonomy":"post_tag","embeddable":true,"href":"https:\/\/lahoratendencias.audiencelabs.com.br\/wp-json\/wp\/v2\/tags?post=593"}],"curies":[{"name":"wp","href":"https:\/\/api.w.org\/{rel}","templated":true}]}}