{"id":4010,"date":"2026-04-30T17:22:00","date_gmt":"2026-04-30T21:22:00","guid":{"rendered":"https:\/\/lahoratendencias.audiencelabs.com.br\/?p=4010"},"modified":"2026-04-30T14:50:24","modified_gmt":"2026-04-30T18:50:24","slug":"esta-vivo-michael-jackson-una-vidente-hace-una-prediccion-y-dice-cuando-regresara-el-cantante","status":"publish","type":"post","link":"https:\/\/lahoratendencias.audiencelabs.com.br\/esta-vivo-michael-jackson-una-vidente-hace-una-prediccion-y-dice-cuando-regresara-el-cantante\/","title":{"rendered":"\u00bfEst\u00e1 vivo Michael Jackson? Una vidente hace una predicci\u00f3n y dice cu\u00e1ndo regresar\u00e1 el cantante"},"content":{"rendered":"\n<p>El misterio que rodea la figura de Michael Jackson ha cobrado un nuevo impulso tras las recientes declaraciones de una conocida vidente en el \u00e1mbito digital. A pesar de que el certificado oficial de defunci\u00f3n data de junio de 2009, diversas teor\u00edas conspirativas persisten en sugerir que el Rey del Pop nunca abandon\u00f3 este plano.<\/p>\n\n\n\n<p>Lene Sensitiva, una m\u00e9dium con amplia trayectoria, ha reavivado el debate al afirmar que la estrella mundial se encuentra con vida y bajo un estricto anonimato.<\/p>\n\n\n\n<p>Seg\u00fan esta predicci\u00f3n, el cantante habr\u00eda orquestado su desaparici\u00f3n como una medida desesperada para proteger su integridad f\u00edsica ante amenazas externas. La vidente sostiene que el artista planea una reaparici\u00f3n p\u00fablica que sacudir\u00e1 los cimientos de la industria del entretenimiento en el corto plazo.<\/p>\n\n\n\n<p>Esta narrativa desaf\u00eda la versi\u00f3n m\u00e9dica oficial, alimentando la esperanza de millones de fan\u00e1ticos que se niegan a aceptar el final del \u00edcono musical.<\/p>\n\n\n\n<h2 class=\"wp-block-heading\">El enigma del funeral y la complicidad del entorno<\/h2>\n\n\n\n<p>Uno de los puntos m\u00e1s pol\u00e9micos de la predicci\u00f3n sugiere que el artista estuvo presente en su propia ceremonia de despedida realizada en Los \u00c1ngeles. La m\u00e9dium afirma que el cantante utiliz\u00f3 disfraces elaborados para mezclarse entre la multitud y observar las reacciones de sus seguidores y allegados.<\/p>\n\n\n\n<h4 class=\"wp-block-heading\"><strong>[Te puede interesar] <a href=\"https:\/\/www.lahora.cl\/tendencias\/gobierno-prohibe-la-entrada-de-un-cantante-en-este-pais-y-el-festival-es-cancelado\/\" target=\"_blank\" rel=\"noopener\">Gobierno proh\u00edbe la entrada de un cantante en este pa\u00eds y el festival es cancelado<\/a><\/strong><\/h4>\n\n\n\n<p>Esta supuesta maniobra habr\u00eda contado con el respaldo absoluto de su c\u00edrculo \u00edntimo, quienes habr\u00edan mantenido el secreto bajo pactos de confidencialidad.<\/p>\n\n\n\n<p>La actitud contenida de los familiares durante el evento f\u00fanebre es citada por la vidente como una prueba de que todos conoc\u00edan la realidad del montaje. Para los creyentes en estas teor\u00edas, la falta de muestras de dolor extremo en aquel momento refuerza la hip\u00f3tesis de un retiro planificado y seguro.<\/p>\n\n\n\n<h2 class=\"wp-block-heading\">V\u00ednculos peligrosos y el motivo del aislamiento<\/h2>\n\n\n\n<p>La raz\u00f3n detr\u00e1s de este supuesto exilio forzado estar\u00eda vinculada a informaci\u00f3n sensible que el cantante habr\u00eda descubierto sobre redes internacionales de poder. Se especula que Jackson decidi\u00f3 aislarse tras notar actividades sospechosas relacionadas con figuras de alto perfil que dominaban los c\u00edrculos sociales de la \u00e9poca.<\/p>\n\n\n\n<p>La vidente menciona que el artista tem\u00eda por su seguridad debido al conocimiento de esquemas criminales que amenazaban con silenciarlo definitivamente.<\/p>\n\n\n\n<h4 class=\"wp-block-heading\"><strong>[Lee tambi\u00e9n] <a href=\"https:\/\/www.lahora.cl\/tendencias\/bad-bunny-gasto-mas-1-370-m\/\" target=\"_blank\" rel=\"noopener\">Bad Bunny gast\u00f3 m\u00e1s de $1.370 millones tras un show en este pa\u00eds<\/a><\/strong><\/h4>\n\n\n\n<p>Aunque existen registros fotogr\u00e1ficos que sit\u00faan al m\u00fasico en entornos similares a los de personajes pol\u00e9micos, nunca se ha confirmado su participaci\u00f3n en hechos il\u00edcitos. Esta versi\u00f3n del aislamiento como m\u00e9todo de autodefensa a\u00f1ade una capa de suspenso a la biograf\u00eda de un hombre cuya vida siempre fue un espect\u00e1culo.<\/p>\n\n\n\n<p>Mientras la ciencia mantiene el veredicto de su muerte, las predicciones m\u00edsticas contin\u00faan construyendo una leyenda que se resiste a quedar en el olvido.<\/p>\n","protected":false},"excerpt":{"rendered":"<p>El misterio que rodea la figura de Michael Jackson ha cobrado un nuevo impulso tras las recientes declaraciones de una conocida vidente en el \u00e1mbito digital. A pesar de que el certificado oficial de defunci\u00f3n data de junio de 2009, diversas teor\u00edas conspirativas persisten en sugerir que el Rey del Pop nunca abandon\u00f3 este plano. [&hellip;]<\/p>\n","protected":false},"author":2,"featured_media":4011,"comment_status":"open","ping_status":"open","sticky":false,"template":"","format":"standard","meta":{"jnews-multi-image_gallery":[],"jnews_single_post":{"format":"standard"},"jnews_primary_category":[],"jnews_social_meta":[],"jnews_post_split":[],"footnotes":""},"categories":[1],"tags":[587,1798,1799,1800],"class_list":["post-4010","post","type-post","status-publish","format-standard","has-post-thumbnail","hentry","category-uncategorized","tag-cantante","tag-michael-jackson","tag-misterio","tag-vidente"],"_links":{"self":[{"href":"https:\/\/lahoratendencias.audiencelabs.com.br\/wp-json\/wp\/v2\/posts\/4010","targetHints":{"allow":["GET"]}}],"collection":[{"href":"https:\/\/lahoratendencias.audiencelabs.com.br\/wp-json\/wp\/v2\/posts"}],"about":[{"href":"https:\/\/lahoratendencias.audiencelabs.com.br\/wp-json\/wp\/v2\/types\/post"}],"author":[{"embeddable":true,"href":"https:\/\/lahoratendencias.audiencelabs.com.br\/wp-json\/wp\/v2\/users\/2"}],"replies":[{"embeddable":true,"href":"https:\/\/lahoratendencias.audiencelabs.com.br\/wp-json\/wp\/v2\/comments?post=4010"}],"version-history":[{"count":1,"href":"https:\/\/lahoratendencias.audiencelabs.com.br\/wp-json\/wp\/v2\/posts\/4010\/revisions"}],"predecessor-version":[{"id":4012,"href":"https:\/\/lahoratendencias.audiencelabs.com.br\/wp-json\/wp\/v2\/posts\/4010\/revisions\/4012"}],"wp:featuredmedia":[{"embeddable":true,"href":"https:\/\/lahoratendencias.audiencelabs.com.br\/wp-json\/wp\/v2\/media\/4011"}],"wp:attachment":[{"href":"https:\/\/lahoratendencias.audiencelabs.com.br\/wp-json\/wp\/v2\/media?parent=4010"}],"wp:term":[{"taxonomy":"category","embeddable":true,"href":"https:\/\/lahoratendencias.audiencelabs.com.br\/wp-json\/wp\/v2\/categories?post=4010"},{"taxonomy":"post_tag","embeddable":true,"href":"https:\/\/lahoratendencias.audiencelabs.com.br\/wp-json\/wp\/v2\/tags?post=4010"}],"curies":[{"name":"wp","href":"https:\/\/api.w.org\/{rel}","templated":true}]}}