{"id":4003,"date":"2026-04-30T15:15:00","date_gmt":"2026-04-30T19:15:00","guid":{"rendered":"https:\/\/lahoratendencias.audiencelabs.com.br\/?p=4003"},"modified":"2026-04-30T11:52:42","modified_gmt":"2026-04-30T15:52:42","slug":"gobierno-confirma-nueva-normativa-y-prohibe-la-circulacion-de-buses-articulados-en-el-transporte-publico","status":"publish","type":"post","link":"https:\/\/lahoratendencias.audiencelabs.com.br\/gobierno-confirma-nueva-normativa-y-prohibe-la-circulacion-de-buses-articulados-en-el-transporte-publico\/","title":{"rendered":"Gobierno confirma nueva normativa y proh\u00edbe la circulaci\u00f3n de buses articulados en el transporte p\u00fablico"},"content":{"rendered":"\n<p>El Ministerio de Transportes ha confirmado que los buses articulados, conocidos popularmente como &#8220;orugas&#8221;, dejar\u00e1n de circular durante la jornada nocturna. La red de transporte p\u00fablico en la capital chilena enfrenta una reestructuraci\u00f3n profunda para optimizar sus recursos financieros sin comprometer el traslado de los pasajeros.<\/p>\n\n\n\n<p>Esta medida busca reducir los costos operativos de la cartera mediante la sustituci\u00f3n de estas m\u00e1quinas de gran tama\u00f1o por buses est\u00e1ndar de 12 metros.<\/p>\n\n\n\n<p>El titular de la cartera, Louis de Grange, ha se\u00f1alado que el costo de funcionamiento de una unidad articulada duplica al de un veh\u00edculo convencional. La decisi\u00f3n responde a un an\u00e1lisis t\u00e9cnico que revel\u00f3 una baja validaci\u00f3n de pasajes durante las horas de la noche en comparaci\u00f3n con la capacidad de los buses.<\/p>\n\n\n\n<p>Ajustar el tama\u00f1o de la flota a la demanda real permite al sistema ahorrar recursos cr\u00edticos sin alterar la frecuencia de los recorridos para los usuarios.<\/p>\n\n\n\n<h2 class=\"wp-block-heading\">Eficiencia econ\u00f3mica y optimizaci\u00f3n de la flota nocturna<\/h2>\n\n\n\n<p>La implementaci\u00f3n de este cambio se enmarca en un plan de recorte del gasto ministerial orientado a mejorar la eficiencia de los fondos p\u00fablicos. El uso de buses simples de 12 metros garantiza que el servicio nocturno mantenga su calidad mientras se reduce el consumo de combustible y mantenimiento.<\/p>\n\n\n\n<p>De Grange ha sido enf\u00e1tico en que la medida no implica una disminuci\u00f3n de la cobertura, sino un uso m\u00e1s inteligente de los activos disponibles.<\/p>\n\n\n\n<h4 class=\"wp-block-heading\"><strong>[Te puede interesar] <a href=\"https:\/\/www.lahora.cl\/tendencias\/autoridades-emiten-alerta-general-para-las-personas-en-chile-que-viajan-en-micro\/\" target=\"_blank\" rel=\"noopener\">Autoridades emiten alerta general para las personas en Chile que viajan en micro<\/a><\/strong><\/h4>\n\n\n\n<p>Las autoridades han detectado que durante la madrugada circulan m\u00e1s plazas de las necesarias, lo que genera un d\u00e9ficit innecesario para el erario fiscal. Con esta transici\u00f3n, el sistema de transporte metropolitano busca equilibrar la sostenibilidad financiera con la necesidad de movilidad de los trabajadores nocturnos.<\/p>\n\n\n\n<p>El ahorro generado permitir\u00e1 al ministerio cumplir con las metas presupuestarias exigidas por Hacienda para el presente periodo.<\/p>\n\n\n\n<h2 class=\"wp-block-heading\">El fin de los buses de dos pisos y desaf\u00edos log\u00edsticos<\/h2>\n\n\n\n<p>Dentro del mismo paquete de ajustes, se ha anunciado que no se adquirir\u00e1n m\u00e1s buses de dos pisos para el sistema de transporte urbano. Estas unidades han demostrado tener dificultades operacionales severas, ya que no pueden transitar por todas las arterias de la ciudad debido a su altura.<\/p>\n\n\n\n<p>Su mantenimiento resulta extremadamente oneroso, pues la falta de repuestos locales obliga a realizar importaciones costosas desde el mercado asi\u00e1tico.<\/p>\n\n\n\n<h4 class=\"wp-block-heading\"><strong>[Lee tambi\u00e9n] <a href=\"https:\/\/www.lahora.cl\/tendencias\/chilenos-vehiculo-electrico\/\" target=\"_blank\" rel=\"noopener\">100.000 chilenos reciben \u201cde regalo\u201d un veh\u00edculo el\u00e9ctrico<\/a><\/strong><\/h4>\n\n\n\n<p>La baja escala de producci\u00f3n de estas piezas espec\u00edficas eleva los costos de reparaci\u00f3n, manteniendo los buses fuera de servicio por periodos prolongados. Adem\u00e1s, los estudios de flujo indican que estas m\u00e1quinas son m\u00e1s lentas en las paradas, lo que termina perjudicando la puntualidad de los trayectos.<\/p>\n\n\n\n<p>El enfoque prioritario se desplazar\u00e1 ahora hacia veh\u00edculos m\u00e1s vers\u00e1tiles y eficientes que aseguren una operaci\u00f3n estable en toda la capital.<\/p>\n","protected":false},"excerpt":{"rendered":"<p>El Ministerio de Transportes ha confirmado que los buses articulados, conocidos popularmente como &#8220;orugas&#8221;, dejar\u00e1n de circular durante la jornada nocturna. La red de transporte p\u00fablico en la capital chilena enfrenta una reestructuraci\u00f3n profunda para optimizar sus recursos financieros sin comprometer el traslado de los pasajeros. Esta medida busca reducir los costos operativos de la [&hellip;]<\/p>\n","protected":false},"author":2,"featured_media":4004,"comment_status":"open","ping_status":"open","sticky":false,"template":"","format":"standard","meta":{"jnews-multi-image_gallery":[],"jnews_single_post":{"format":"standard"},"jnews_primary_category":[],"jnews_social_meta":[],"jnews_post_split":[],"footnotes":""},"categories":[1],"tags":[366,1794,1796,1795],"class_list":["post-4003","post","type-post","status-publish","format-standard","has-post-thumbnail","hentry","category-uncategorized","tag-buses","tag-micros","tag-ministerio-de-transportes","tag-transantiago"],"_links":{"self":[{"href":"https:\/\/lahoratendencias.audiencelabs.com.br\/wp-json\/wp\/v2\/posts\/4003","targetHints":{"allow":["GET"]}}],"collection":[{"href":"https:\/\/lahoratendencias.audiencelabs.com.br\/wp-json\/wp\/v2\/posts"}],"about":[{"href":"https:\/\/lahoratendencias.audiencelabs.com.br\/wp-json\/wp\/v2\/types\/post"}],"author":[{"embeddable":true,"href":"https:\/\/lahoratendencias.audiencelabs.com.br\/wp-json\/wp\/v2\/users\/2"}],"replies":[{"embeddable":true,"href":"https:\/\/lahoratendencias.audiencelabs.com.br\/wp-json\/wp\/v2\/comments?post=4003"}],"version-history":[{"count":1,"href":"https:\/\/lahoratendencias.audiencelabs.com.br\/wp-json\/wp\/v2\/posts\/4003\/revisions"}],"predecessor-version":[{"id":4005,"href":"https:\/\/lahoratendencias.audiencelabs.com.br\/wp-json\/wp\/v2\/posts\/4003\/revisions\/4005"}],"wp:featuredmedia":[{"embeddable":true,"href":"https:\/\/lahoratendencias.audiencelabs.com.br\/wp-json\/wp\/v2\/media\/4004"}],"wp:attachment":[{"href":"https:\/\/lahoratendencias.audiencelabs.com.br\/wp-json\/wp\/v2\/media?parent=4003"}],"wp:term":[{"taxonomy":"category","embeddable":true,"href":"https:\/\/lahoratendencias.audiencelabs.com.br\/wp-json\/wp\/v2\/categories?post=4003"},{"taxonomy":"post_tag","embeddable":true,"href":"https:\/\/lahoratendencias.audiencelabs.com.br\/wp-json\/wp\/v2\/tags?post=4003"}],"curies":[{"name":"wp","href":"https:\/\/api.w.org\/{rel}","templated":true}]}}