{"id":3980,"date":"2026-04-30T09:55:00","date_gmt":"2026-04-30T13:55:00","guid":{"rendered":"https:\/\/lahoratendencias.audiencelabs.com.br\/?p=3980"},"modified":"2026-04-30T09:55:46","modified_gmt":"2026-04-30T13:55:46","slug":"la-nasa-revelo-sus-planes-para-hacer-que-pluton-vuelva-a-ser-considerado-un-planeta","status":"publish","type":"post","link":"https:\/\/lahoratendencias.audiencelabs.com.br\/la-nasa-revelo-sus-planes-para-hacer-que-pluton-vuelva-a-ser-considerado-un-planeta\/","title":{"rendered":"La NASA revel\u00f3 sus planes para hacer que Plut\u00f3n vuelva a ser considerado un planeta"},"content":{"rendered":"\n<p>La clasificaci\u00f3n del Sistema Solar se encuentra nuevamente en el centro de una controversia cient\u00edfica que desaf\u00eda las definiciones establecidas hace dos d\u00e9cadas. El administrador de la NASA ha manifestado p\u00fablicamente su intenci\u00f3n de reabrir el expediente de Plut\u00f3n para que recupere su estatus de planeta.<\/p>\n\n\n\n<p>Esta postura surge en un momento donde la exploraci\u00f3n espacial profunda ha revelado detalles in\u00e9ditos sobre la geolog\u00eda y la atm\u00f3sfera de este lejano cuerpo celeste.<\/p>\n\n\n\n<p>Para muchos expertos, la decisi\u00f3n tomada en 2006 por la Uni\u00f3n Astron\u00f3mica Internacional fue una resoluci\u00f3n t\u00e9cnica que no refleja la complejidad real del objeto. La agencia aeroespacial ya se encuentra preparando art\u00edculos cient\u00edficos que buscan sustentar una nueva categorizaci\u00f3n basada en la geof\u00edsica y no solo en la \u00f3rbita.<\/p>\n\n\n\n<p>El debate promete movilizar a la comunidad astron\u00f3mica global, cuestionando los criterios que determinan qu\u00e9 cuerpos merecen el t\u00edtulo de planeta.<\/p>\n\n\n\n<h2 class=\"wp-block-heading\">El origen del conflicto y la asamblea de Praga<\/h2>\n\n\n\n<p>Plut\u00f3n fue descubierto en 1930 y durante m\u00e1s de setenta a\u00f1os ocup\u00f3 el noveno lugar en los mapas escolares como un planeta indiscutible. Sin embargo, el hallazgo de cuerpos similares como Eris y Haumea en las profundidades del espacio oblig\u00f3 a los cient\u00edficos a replantearse las categor\u00edas existentes.<\/p>\n\n\n\n<p>En el a\u00f1o 2006, la asamblea de la Uni\u00f3n Astron\u00f3mica Internacional determin\u00f3 que Plut\u00f3n no cumpl\u00eda con los requisitos necesarios para ser un planeta de pleno derecho.<\/p>\n\n\n\n<h4 class=\"wp-block-heading\"><strong>[Te puede interesar] <a href=\"https:\/\/www.lahora.cl\/tendencias\/ciencia-confirma-que-los-astronautas-de-la-mision-artemis-ii-regresaron-con-corazones-mas-pequenos-y-cuerpos-alterados\/\" target=\"_blank\" rel=\"noopener\">Ciencia confirma que los astronautas de la misi\u00f3n Artemis II regresaron con corazones m\u00e1s peque\u00f1os y cuerpos alterados<\/a><\/strong><\/h4>\n\n\n\n<p>La principal raz\u00f3n fue su incapacidad para limpiar su \u00f3rbita de escombros, una tarea que los ocho planetas principales realizaron hace miles de millones de a\u00f1os. Desde entonces, fue reclasificado como un planeta enano, una etiqueta que lo sit\u00faa en un limbo entre los asteroides gigantes y los mundos mayores.<\/p>\n\n\n\n<p>Esta distinci\u00f3n t\u00e9cnica ha generado una divisi\u00f3n persistente entre quienes priorizan la din\u00e1mica orbital y quienes valoran las caracter\u00edsticas intr\u00ednsecas del cuerpo.<\/p>\n\n\n\n<h2 class=\"wp-block-heading\">Requisitos actuales y el futuro del cintur\u00f3n de Kuiper<\/h2>\n\n\n\n<p>Para que un objeto sea considerado un planeta hoy en d\u00eda, debe orbitar una estrella, poseer una forma esf\u00e9rica y haber despejado su vecindad orbital. Plut\u00f3n cumple con las dos primeras condiciones, pero su ubicaci\u00f3n en el Cintur\u00f3n de Kuiper lo rodea de una gran cantidad de objetos helados y cometas.<\/p>\n\n\n\n<p>Los defensores de su restituci\u00f3n argumentan que si la Tierra estuviera en esa misma regi\u00f3n, tampoco podr\u00eda limpiar su \u00f3rbita debido a la inmensidad del espacio.<\/p>\n\n\n\n<h4 class=\"wp-block-heading\"><strong>[Lee tambi\u00e9n] <a href=\"https:\/\/www.lahora.cl\/tendencias\/la-nasa-esta-convocando\/\" target=\"_blank\" rel=\"noopener\">La NASA est\u00e1 convocando a todos los que puedan ayudar ante una tormenta que podr\u00eda afectar a la Tierra<\/a><\/strong><\/h4>\n\n\n\n<p>Actualmente, solo se reconocen oficialmente cinco planetas enanos, aunque se estima que existen cientos de ellos esperando ser descubiertos m\u00e1s all\u00e1 de Neptuno. La resoluci\u00f3n de este nuevo debate podr\u00eda cambiar nuevamente los libros de texto y la forma en que la humanidad comprende la periferia de su hogar gal\u00e1ctico.<\/p>\n\n\n\n<p>El regreso de Plut\u00f3n al grupo de los nueve no ser\u00eda solo un cambio de nombre, sino una reivindicaci\u00f3n de la importancia de los mundos peque\u00f1os y activos.<\/p>\n","protected":false},"excerpt":{"rendered":"<p>La clasificaci\u00f3n del Sistema Solar se encuentra nuevamente en el centro de una controversia cient\u00edfica que desaf\u00eda las definiciones establecidas hace dos d\u00e9cadas. El administrador de la NASA ha manifestado p\u00fablicamente su intenci\u00f3n de reabrir el expediente de Plut\u00f3n para que recupere su estatus de planeta. Esta postura surge en un momento donde la exploraci\u00f3n [&hellip;]<\/p>\n","protected":false},"author":2,"featured_media":3981,"comment_status":"open","ping_status":"open","sticky":false,"template":"","format":"standard","meta":{"jnews-multi-image_gallery":[],"jnews_single_post":{"format":"standard"},"jnews_primary_category":[],"jnews_social_meta":[],"jnews_post_split":[],"footnotes":""},"categories":[1],"tags":[346,76,1784],"class_list":["post-3980","post","type-post","status-publish","format-standard","has-post-thumbnail","hentry","category-uncategorized","tag-nasa","tag-planeta","tag-pluton"],"_links":{"self":[{"href":"https:\/\/lahoratendencias.audiencelabs.com.br\/wp-json\/wp\/v2\/posts\/3980","targetHints":{"allow":["GET"]}}],"collection":[{"href":"https:\/\/lahoratendencias.audiencelabs.com.br\/wp-json\/wp\/v2\/posts"}],"about":[{"href":"https:\/\/lahoratendencias.audiencelabs.com.br\/wp-json\/wp\/v2\/types\/post"}],"author":[{"embeddable":true,"href":"https:\/\/lahoratendencias.audiencelabs.com.br\/wp-json\/wp\/v2\/users\/2"}],"replies":[{"embeddable":true,"href":"https:\/\/lahoratendencias.audiencelabs.com.br\/wp-json\/wp\/v2\/comments?post=3980"}],"version-history":[{"count":1,"href":"https:\/\/lahoratendencias.audiencelabs.com.br\/wp-json\/wp\/v2\/posts\/3980\/revisions"}],"predecessor-version":[{"id":3982,"href":"https:\/\/lahoratendencias.audiencelabs.com.br\/wp-json\/wp\/v2\/posts\/3980\/revisions\/3982"}],"wp:featuredmedia":[{"embeddable":true,"href":"https:\/\/lahoratendencias.audiencelabs.com.br\/wp-json\/wp\/v2\/media\/3981"}],"wp:attachment":[{"href":"https:\/\/lahoratendencias.audiencelabs.com.br\/wp-json\/wp\/v2\/media?parent=3980"}],"wp:term":[{"taxonomy":"category","embeddable":true,"href":"https:\/\/lahoratendencias.audiencelabs.com.br\/wp-json\/wp\/v2\/categories?post=3980"},{"taxonomy":"post_tag","embeddable":true,"href":"https:\/\/lahoratendencias.audiencelabs.com.br\/wp-json\/wp\/v2\/tags?post=3980"}],"curies":[{"name":"wp","href":"https:\/\/api.w.org\/{rel}","templated":true}]}}