{"id":3974,"date":"2026-05-03T09:08:00","date_gmt":"2026-05-03T13:08:00","guid":{"rendered":"https:\/\/lahoratendencias.audiencelabs.com.br\/?p=3974"},"modified":"2026-04-29T18:59:22","modified_gmt":"2026-04-29T22:59:22","slug":"alerta-para-todos-las-personas-que-salen-de-noche-y-usan-transporte-publico","status":"publish","type":"post","link":"https:\/\/lahoratendencias.audiencelabs.com.br\/alerta-para-todos-las-personas-que-salen-de-noche-y-usan-transporte-publico\/","title":{"rendered":"Alerta para todos las personas que salen de noche y usan transporte p\u00fablico"},"content":{"rendered":"\n<p>La eficiencia en el gasto fiscal ha motivado una reestructuraci\u00f3n profunda en la operatividad del sistema de transporte p\u00fablico de la capital chilena. El Ministerio de Transportes ha confirmado que, a partir de esta noche, los buses articulados dejar\u00e1n de circular durante la jornada nocturna en Santiago.<\/p>\n\n\n\n<p>Esta decisi\u00f3n administrativa busca optimizar los recursos financieros del sector mediante la sustituci\u00f3n de las m\u00e1quinas de gran tama\u00f1o por buses est\u00e1ndar.<\/p>\n\n\n\n<p>El titular de la cartera, Louis de Grange, ha sostenido que la medida responde a una necesidad t\u00e9cnica de reducir costos sin sacrificar la frecuencia de los recorridos. Seg\u00fan los datos analizados por la autoridad, el costo de operaci\u00f3n de los buses conocidos como &#8220;oruga&#8221; duplica al de una unidad convencional de doce metros.<\/p>\n\n\n\n<p>La implementaci\u00f3n de este cambio se alinea con las directrices de austeridad que exigen una reducci\u00f3n del gasto ministerial en el presupuesto vigente.<\/p>\n\n\n\n<h2 class=\"wp-block-heading\">Optimizaci\u00f3n de flota y ahorro en costos operativos<\/h2>\n\n\n\n<p>El diagn\u00f3stico realizado por el ministerio revel\u00f3 que el n\u00famero de pasajeros que validan su pasaje durante la noche no justifica el despliegue de veh\u00edculos de gran capacidad. La utilizaci\u00f3n de buses m\u00e1s peque\u00f1os permite mantener la conectividad de la ciudad mientras se disminuye el consumo de combustible y los gastos de mantenimiento.<\/p>\n\n\n\n<p>Esta transici\u00f3n no afectar\u00e1 los tiempos de espera de los usuarios, ya que la cantidad de m\u00e1quinas en ruta se mantendr\u00e1 estable para cubrir la demanda.<\/p>\n\n\n\n<h4 class=\"wp-block-heading\"><strong>[Te puede interesar] <a href=\"https:\/\/www.lahora.cl\/tendencias\/no-pagar-transporte-publico\/\" target=\"_blank\" rel=\"noopener\">Chilenos no van a pagar transporte p\u00fablico en 2026 si est\u00e1n en estas condiciones<\/a><\/strong><\/h4>\n\n\n\n<p>Al ajustar la oferta a la realidad del flujo nocturno, el sistema evita que circulen veh\u00edculos de alto costo con una ocupaci\u00f3n m\u00ednima de pasajeros. La eficiencia econ\u00f3mica se presenta as\u00ed como el eje central de una gesti\u00f3n que busca equilibrar las arcas fiscales con la movilidad urbana.<\/p>\n\n\n\n<p>El ahorro generado por esta medida contribuir\u00e1 significativamente a cumplir con las metas de recorte presupuestario impuestas por el Ministerio de Hacienda.<\/p>\n\n\n\n<h2 class=\"wp-block-heading\">El fin de los buses de dos pisos y desaf\u00edos log\u00edsticos<\/h2>\n\n\n\n<p>Dentro del mismo plan de ajuste, se ha determinado el cese definitivo de la adquisici\u00f3n de buses de dos pisos para la red de transporte metropolitano. Estas unidades han presentado severas dificultades operacionales debido a las restricciones de altura y la falta de versatilidad en diversas calles de la ciudad.<\/p>\n\n\n\n<p>El mantenimiento de estos veh\u00edculos resulta extremadamente costoso, pues requiere la importaci\u00f3n directa de repuestos espec\u00edficos desde el extranjero.<\/p>\n\n\n\n<h4 class=\"wp-block-heading\"><strong>[Lee tambi\u00e9n] <a href=\"https:\/\/www.lahora.cl\/tendencias\/ley-el-transporte-publico\/\" target=\"_blank\" rel=\"noopener\">Gobierno aprueba ley en Chile y el transporte p\u00fablico ser\u00e1 m\u00e1s barato para este grupo de personas<\/a><\/strong><\/h4>\n\n\n\n<p>La baja escala de producci\u00f3n de estas piezas y los tiempos de espera log\u00edstica encarecen la disponibilidad de la flota de manera insostenible para el Estado. Adem\u00e1s, los estudios de campo indican que los buses de dos pisos tienden a ser m\u00e1s lentos en las paradas debido al tiempo que toma el descenso de los pasajeros.<\/p>\n\n\n\n<p>El enfoque prioritario ahora se centra en la adquisici\u00f3n de buses de doce metros que ofrezcan una mayor durabilidad y una operatividad simplificada en todo el territorio.<\/p>\n","protected":false},"excerpt":{"rendered":"<p>La eficiencia en el gasto fiscal ha motivado una reestructuraci\u00f3n profunda en la operatividad del sistema de transporte p\u00fablico de la capital chilena. El Ministerio de Transportes ha confirmado que, a partir de esta noche, los buses articulados dejar\u00e1n de circular durante la jornada nocturna en Santiago. Esta decisi\u00f3n administrativa busca optimizar los recursos financieros [&hellip;]<\/p>\n","protected":false},"author":2,"featured_media":3975,"comment_status":"open","ping_status":"open","sticky":false,"template":"","format":"standard","meta":{"jnews-multi-image_gallery":[],"jnews_single_post":{"format":"standard"},"jnews_primary_category":[],"jnews_social_meta":[],"jnews_post_split":[],"footnotes":""},"categories":[1],"tags":[366,1782,1781,365],"class_list":["post-3974","post","type-post","status-publish","format-standard","has-post-thumbnail","hentry","category-uncategorized","tag-buses","tag-metropolitano","tag-noche","tag-transporte-publico"],"_links":{"self":[{"href":"https:\/\/lahoratendencias.audiencelabs.com.br\/wp-json\/wp\/v2\/posts\/3974","targetHints":{"allow":["GET"]}}],"collection":[{"href":"https:\/\/lahoratendencias.audiencelabs.com.br\/wp-json\/wp\/v2\/posts"}],"about":[{"href":"https:\/\/lahoratendencias.audiencelabs.com.br\/wp-json\/wp\/v2\/types\/post"}],"author":[{"embeddable":true,"href":"https:\/\/lahoratendencias.audiencelabs.com.br\/wp-json\/wp\/v2\/users\/2"}],"replies":[{"embeddable":true,"href":"https:\/\/lahoratendencias.audiencelabs.com.br\/wp-json\/wp\/v2\/comments?post=3974"}],"version-history":[{"count":1,"href":"https:\/\/lahoratendencias.audiencelabs.com.br\/wp-json\/wp\/v2\/posts\/3974\/revisions"}],"predecessor-version":[{"id":3976,"href":"https:\/\/lahoratendencias.audiencelabs.com.br\/wp-json\/wp\/v2\/posts\/3974\/revisions\/3976"}],"wp:featuredmedia":[{"embeddable":true,"href":"https:\/\/lahoratendencias.audiencelabs.com.br\/wp-json\/wp\/v2\/media\/3975"}],"wp:attachment":[{"href":"https:\/\/lahoratendencias.audiencelabs.com.br\/wp-json\/wp\/v2\/media?parent=3974"}],"wp:term":[{"taxonomy":"category","embeddable":true,"href":"https:\/\/lahoratendencias.audiencelabs.com.br\/wp-json\/wp\/v2\/categories?post=3974"},{"taxonomy":"post_tag","embeddable":true,"href":"https:\/\/lahoratendencias.audiencelabs.com.br\/wp-json\/wp\/v2\/tags?post=3974"}],"curies":[{"name":"wp","href":"https:\/\/api.w.org\/{rel}","templated":true}]}}