{"id":3961,"date":"2026-04-29T19:46:00","date_gmt":"2026-04-29T23:46:00","guid":{"rendered":"https:\/\/lahoratendencias.audiencelabs.com.br\/?p=3961"},"modified":"2026-04-29T17:50:29","modified_gmt":"2026-04-29T21:50:29","slug":"nueva-funcion-de-frenado-automatico-en-los-automoviles-entrara-en-vigencia-a-partir-de-julio","status":"publish","type":"post","link":"https:\/\/lahoratendencias.audiencelabs.com.br\/nueva-funcion-de-frenado-automatico-en-los-automoviles-entrara-en-vigencia-a-partir-de-julio\/","title":{"rendered":"Nueva funci\u00f3n de frenado autom\u00e1tico en los autom\u00f3viles entrar\u00e1 en vigencia a partir de julio"},"content":{"rendered":"\n<p>La seguridad vial en las autopistas y centros urbanos de Europa est\u00e1 a punto de experimentar una transformaci\u00f3n tecnol\u00f3gica definitiva. A partir del pr\u00f3ximo mes de julio, la industria automotriz deber\u00e1 cumplir con la normativa de frenado autom\u00e1tico, una de las m\u00e1s exigentes en materia de asistencia a la conducci\u00f3n.<\/p>\n\n\n\n<p>El nuevo reglamento establece que todos los veh\u00edculos de nueva matriculaci\u00f3n incorporen sistemas capaces de intervenir de forma aut\u00f3noma ante un peligro inminente.<\/p>\n\n\n\n<p>Esta medida no solo busca proteger a los ocupantes de los turismos, sino que pone un foco especial en la integridad de los peatones y ciclistas. La tecnolog\u00eda de frenado autom\u00e1tico dejar\u00e1 de ser un equipamiento de lujo para convertirse en un est\u00e1ndar obligatorio en cada concesionario del bloque.<\/p>\n\n\n\n<p>El objetivo es reducir dr\u00e1sticamente las colisiones por alcance y los atropellos en entornos de baja visibilidad o distracciones del conductor.<\/p>\n\n\n\n<h2 class=\"wp-block-heading\">Luces adaptativas y la detecci\u00f3n inteligente de vulnerables<\/h2>\n\n\n\n<p>Uno de los pilares de esta fase es la implementaci\u00f3n de la luz de freno adaptativa, dise\u00f1ada para alertar al tr\u00e1fico trasero durante detenciones bruscas. Cuando el veh\u00edculo detecta una deceleraci\u00f3n superior a los 6 m\/s\u00b2, las luces traseras parpadean r\u00e1pidamente para captar la atenci\u00f3n de quien circula detr\u00e1s.<\/p>\n\n\n\n<p>Este sistema reduce el tiempo de reacci\u00f3n del conductor posterior en unos 0,2 segundos, una diferencia que puede evitar un impacto en cadena.<\/p>\n\n\n\n<h4 class=\"wp-block-heading\"><strong>[Te puede interesar] <a href=\"https:\/\/www.lahora.cl\/tendencias\/ventas-de-autos-electricos-se-disparan-un-148-ante-alza-de-los-combustibles\/\" target=\"_blank\" rel=\"noopener\">Ventas de autos el\u00e9ctricos se disparan un 148% ante alza de los combustibles<\/a><\/strong><\/h4>\n\n\n\n<p>A velocidades de 100 km\/h, esa fracci\u00f3n de segundo permite que la distancia de frenado se reduzca en m\u00e1s de cinco metros, salvando vidas en la carretera. Asimismo, los sensores de nueva generaci\u00f3n ahora deben identificar con precisi\u00f3n a ciclistas y transe\u00fantes, activando los frenos de manera independiente.<\/p>\n\n\n\n<p>La inteligencia del autom\u00f3vil ser\u00e1 capaz de mitigar las consecuencias de un choque incluso si el conductor no llega a presionar el pedal a tiempo.<\/p>\n\n\n\n<h2 class=\"wp-block-heading\">Blindaje tecnol\u00f3gico y registro de datos en tiempo real<\/h2>\n\n\n\n<p>La normativa de julio de 2026 tambi\u00e9n introduce el Asistente de Velocidad Inteligente (ISA), que ayuda a respetar los l\u00edmites legales de forma autom\u00e1tica. Adem\u00e1s, cada unidad nueva contar\u00e1 con un registro de datos de eventos, una especie de caja negra que almacenar\u00e1 informaci\u00f3n cr\u00edtica en caso de siniestro.<\/p>\n\n\n\n<p>Los veh\u00edculos deber\u00e1n incluir una interfaz para dispositivos de bloqueo por alcohol, facilitando la instalaci\u00f3n de sistemas que impidan el arranque bajo efectos del alcohol.<\/p>\n\n\n\n<h4 class=\"wp-block-heading\"><strong>[Lee tambi\u00e9n] <a href=\"https:\/\/www.lahora.cl\/tendencias\/con-14-autos-en-el-garaje-incluyendo-un-mclaren-de-180-677-727-ministro-de-kast-declara-un-patrimonio-sorprendente\/\" target=\"_blank\" rel=\"noopener\">Con 14 autos en el garaje, incluyendo un McLaren de $180.677.727, ministro de Kast declara un patrimonio sorprendente<\/a><\/strong><\/h4>\n\n\n\n<p>Se suma a esto una zona de protecci\u00f3n contra impactos en la cabeza m\u00e1s amplia, redise\u00f1ando el frontal de los coches para ser menos lesivos ante un atropello. El sistema de alerta por fatiga ser\u00e1 capaz de detectar la disminuci\u00f3n de la atenci\u00f3n del conductor mediante sensores de movimiento ocular y patrones de direcci\u00f3n.<\/p>\n\n\n\n<p>Con este conjunto de herramientas, la Uni\u00f3n Europea aspira a un futuro de visi\u00f3n cero, donde los errores humanos ya no resulten en tragedias fatales.<\/p>\n","protected":false},"excerpt":{"rendered":"<p>La seguridad vial en las autopistas y centros urbanos de Europa est\u00e1 a punto de experimentar una transformaci\u00f3n tecnol\u00f3gica definitiva. A partir del pr\u00f3ximo mes de julio, la industria automotriz deber\u00e1 cumplir con la normativa de frenado autom\u00e1tico, una de las m\u00e1s exigentes en materia de asistencia a la conducci\u00f3n. El nuevo reglamento establece que [&hellip;]<\/p>\n","protected":false},"author":2,"featured_media":3962,"comment_status":"open","ping_status":"open","sticky":false,"template":"","format":"standard","meta":{"jnews-multi-image_gallery":[],"jnews_single_post":{"format":"standard"},"jnews_primary_category":[],"jnews_social_meta":[],"jnews_post_split":[],"footnotes":""},"categories":[1],"tags":[1775,1774,1008],"class_list":["post-3961","post","type-post","status-publish","format-standard","has-post-thumbnail","hentry","category-uncategorized","tag-automoviles","tag-frenado","tag-vehiculos"],"_links":{"self":[{"href":"https:\/\/lahoratendencias.audiencelabs.com.br\/wp-json\/wp\/v2\/posts\/3961","targetHints":{"allow":["GET"]}}],"collection":[{"href":"https:\/\/lahoratendencias.audiencelabs.com.br\/wp-json\/wp\/v2\/posts"}],"about":[{"href":"https:\/\/lahoratendencias.audiencelabs.com.br\/wp-json\/wp\/v2\/types\/post"}],"author":[{"embeddable":true,"href":"https:\/\/lahoratendencias.audiencelabs.com.br\/wp-json\/wp\/v2\/users\/2"}],"replies":[{"embeddable":true,"href":"https:\/\/lahoratendencias.audiencelabs.com.br\/wp-json\/wp\/v2\/comments?post=3961"}],"version-history":[{"count":1,"href":"https:\/\/lahoratendencias.audiencelabs.com.br\/wp-json\/wp\/v2\/posts\/3961\/revisions"}],"predecessor-version":[{"id":3963,"href":"https:\/\/lahoratendencias.audiencelabs.com.br\/wp-json\/wp\/v2\/posts\/3961\/revisions\/3963"}],"wp:featuredmedia":[{"embeddable":true,"href":"https:\/\/lahoratendencias.audiencelabs.com.br\/wp-json\/wp\/v2\/media\/3962"}],"wp:attachment":[{"href":"https:\/\/lahoratendencias.audiencelabs.com.br\/wp-json\/wp\/v2\/media?parent=3961"}],"wp:term":[{"taxonomy":"category","embeddable":true,"href":"https:\/\/lahoratendencias.audiencelabs.com.br\/wp-json\/wp\/v2\/categories?post=3961"},{"taxonomy":"post_tag","embeddable":true,"href":"https:\/\/lahoratendencias.audiencelabs.com.br\/wp-json\/wp\/v2\/tags?post=3961"}],"curies":[{"name":"wp","href":"https:\/\/api.w.org\/{rel}","templated":true}]}}