{"id":3944,"date":"2026-04-29T14:14:00","date_gmt":"2026-04-29T18:14:00","guid":{"rendered":"https:\/\/lahoratendencias.audiencelabs.com.br\/?p=3944"},"modified":"2026-04-29T12:51:54","modified_gmt":"2026-04-29T16:51:54","slug":"a-sus-49-anos-ronaldo-fenomeno-anuncia-su-regreso-al-deporte-para-participar-en-un-torneo-mundial","status":"publish","type":"post","link":"https:\/\/lahoratendencias.audiencelabs.com.br\/a-sus-49-anos-ronaldo-fenomeno-anuncia-su-regreso-al-deporte-para-participar-en-un-torneo-mundial\/","title":{"rendered":"A sus 49 a\u00f1os, Ronaldo Fen\u00f3meno anuncia su regreso al deporte para participar en un torneo mundial"},"content":{"rendered":"\n<p>El esp\u00edritu competitivo de una de las leyendas m\u00e1s grandes de la historia del f\u00fatbol se niega a permanecer en el retiro absoluto. Ronaldo Fen\u00f3meno Naz\u00e1rio, ha sorprendido al \u00e1mbito deportivo al anunciar su intenci\u00f3n de regresar a la alta competici\u00f3n.<\/p>\n\n\n\n<p>A sus 49 a\u00f1os, el astro brasile\u00f1o ha decidido cambiar los botines por la raqueta para integrarse al circuito de tenis de veteranos.<\/p>\n\n\n\n<p>Esta nueva etapa profesional se desarrollar\u00e1 bajo el amparo de la Federaci\u00f3n Internacional de Tenis, espec\u00edficamente en la categor\u00eda para mayores de cincuenta a\u00f1os. El exdelantero busca canalizar su disciplina atl\u00e9tica en una disciplina que ha practicado con rigor durante su tiempo alejado de las canchas de f\u00fatbol.<\/p>\n\n\n\n<p>Su debut oficial est\u00e1 proyectado para alg\u00fan momento de este a\u00f1o, marcando un hito en la transici\u00f3n de \u00eddolos multidisciplinarios.<\/p>\n\n\n\n<h2 class=\"wp-block-heading\">Del \u00e1rea de penal a la l\u00ednea de fondo de la cancha<\/h2>\n\n\n\n<p>El inter\u00e9s de Ronaldo por el tenis no es una afici\u00f3n pasajera surgida tras colgar las botas de cuero en los principales estadios europeos. Durante la \u00faltima d\u00e9cada, se le ha visto con frecuencia en los torneos m\u00e1s prestigiosos del mundo, como el Abierto de Miami, analizando el juego profesional.<\/p>\n\n\n\n<p>Para alcanzar el nivel t\u00e9cnico requerido por la ITF, el exjugador ha mantenido una rutina de entrenamiento diario con especialistas del circuito.<\/p>\n\n\n\n<h4 class=\"wp-block-heading\"><strong>[Te puede interesar] <a href=\"https:\/\/www.lahora.cl\/tendencias\/brasil-confirma-el-regreso-de-unas-de-sus-estrellas-del-futbol-para-el-mundial-2026\/\" target=\"_blank\" rel=\"noopener\">Brasil confirma el regreso de unas de sus estrellas del f\u00fatbol para el Mundial 2026<\/a><\/strong><\/h4>\n\n\n\n<p>Su preparaci\u00f3n incluye sesiones con figuras destacadas que le han permitido pulir sus golpes y adaptarse a las dimensiones de la pista de tenis. La meta del brasile\u00f1o es competir de forma seria, evitando que su participaci\u00f3n sea vista simplemente como una exhibici\u00f3n de una figura p\u00fablica.<\/p>\n\n\n\n<p>Ajustar los aspectos t\u00e9cnicos del servicio y la volea es ahora su prioridad m\u00e1xima antes de inscribirse en su primer cuadro principal oficial.<\/p>\n\n\n\n<h2 class=\"wp-block-heading\">El desaf\u00edo de los veteranos y la vigencia de un campe\u00f3n<\/h2>\n\n\n\n<p>Al incorporarse al circuito ITF Seniors, Ronaldo se enfrentar\u00e1 a jugadores experimentados que han dedicado su vida exclusivamente al deporte de la raqueta. Esta decisi\u00f3n refleja una mentalidad que no se conforma con el \u00e9xito pasado, sino que busca validar su talento en entornos completamente nuevos.<\/p>\n\n\n\n<p>El mundo del deporte observa con curiosidad c\u00f3mo la potencia f\u00edsica que lo llev\u00f3 al pentacampeonato mundial en 2002 se traslada al tenis.<\/p>\n\n\n\n<h4 class=\"wp-block-heading\"><strong>[Lee tambi\u00e9n] <a href=\"https:\/\/www.lahora.cl\/tendencias\/lionel-messi-firma-contrato-y-regresa-al-futbol-espanol\/\" target=\"_blank\" rel=\"noopener\">Lionel Messi firma contrato y regresa al f\u00fatbol espa\u00f1ol<\/a><\/strong><\/h4>\n\n\n\n<p>Seguir los pasos de otros exatletas que han encontrado una segunda vida en el deporte profesional es una tendencia que el Fen\u00f3meno abraza con orgullo. Su presencia en las canchas de tenis promete atraer a una audiencia global que anhela ver de nuevo ese hambre de victoria que lo hizo \u00fanico.<\/p>\n\n\n\n<p>Incluso despu\u00e9s de m\u00e1s de una d\u00e9cada lejos del f\u00fatbol profesional, la figura de Ronaldo sigue siendo un motor de inspiraci\u00f3n y un s\u00edmbolo de superaci\u00f3n constante.<\/p>\n","protected":false},"excerpt":{"rendered":"<p>El esp\u00edritu competitivo de una de las leyendas m\u00e1s grandes de la historia del f\u00fatbol se niega a permanecer en el retiro absoluto. Ronaldo Fen\u00f3meno Naz\u00e1rio, ha sorprendido al \u00e1mbito deportivo al anunciar su intenci\u00f3n de regresar a la alta competici\u00f3n. A sus 49 a\u00f1os, el astro brasile\u00f1o ha decidido cambiar los botines por la [&hellip;]<\/p>\n","protected":false},"author":2,"featured_media":3945,"comment_status":"open","ping_status":"open","sticky":false,"template":"","format":"standard","meta":{"jnews-multi-image_gallery":[],"jnews_single_post":{"format":"standard"},"jnews_primary_category":[],"jnews_social_meta":[],"jnews_post_split":[],"footnotes":""},"categories":[1],"tags":[254,347,211,1771],"class_list":["post-3944","post","type-post","status-publish","format-standard","has-post-thumbnail","hentry","category-uncategorized","tag-brasil","tag-fenomeno","tag-futbol","tag-ronaldo"],"_links":{"self":[{"href":"https:\/\/lahoratendencias.audiencelabs.com.br\/wp-json\/wp\/v2\/posts\/3944","targetHints":{"allow":["GET"]}}],"collection":[{"href":"https:\/\/lahoratendencias.audiencelabs.com.br\/wp-json\/wp\/v2\/posts"}],"about":[{"href":"https:\/\/lahoratendencias.audiencelabs.com.br\/wp-json\/wp\/v2\/types\/post"}],"author":[{"embeddable":true,"href":"https:\/\/lahoratendencias.audiencelabs.com.br\/wp-json\/wp\/v2\/users\/2"}],"replies":[{"embeddable":true,"href":"https:\/\/lahoratendencias.audiencelabs.com.br\/wp-json\/wp\/v2\/comments?post=3944"}],"version-history":[{"count":1,"href":"https:\/\/lahoratendencias.audiencelabs.com.br\/wp-json\/wp\/v2\/posts\/3944\/revisions"}],"predecessor-version":[{"id":3946,"href":"https:\/\/lahoratendencias.audiencelabs.com.br\/wp-json\/wp\/v2\/posts\/3944\/revisions\/3946"}],"wp:featuredmedia":[{"embeddable":true,"href":"https:\/\/lahoratendencias.audiencelabs.com.br\/wp-json\/wp\/v2\/media\/3945"}],"wp:attachment":[{"href":"https:\/\/lahoratendencias.audiencelabs.com.br\/wp-json\/wp\/v2\/media?parent=3944"}],"wp:term":[{"taxonomy":"category","embeddable":true,"href":"https:\/\/lahoratendencias.audiencelabs.com.br\/wp-json\/wp\/v2\/categories?post=3944"},{"taxonomy":"post_tag","embeddable":true,"href":"https:\/\/lahoratendencias.audiencelabs.com.br\/wp-json\/wp\/v2\/tags?post=3944"}],"curies":[{"name":"wp","href":"https:\/\/api.w.org\/{rel}","templated":true}]}}