{"id":3937,"date":"2026-04-29T12:12:00","date_gmt":"2026-04-29T16:12:00","guid":{"rendered":"https:\/\/lahoratendencias.audiencelabs.com.br\/?p=3937"},"modified":"2026-04-29T12:17:05","modified_gmt":"2026-04-29T16:17:05","slug":"expresidente-boric-toma-decision-y-anuncia-que-sera-el-nuevo-consejero","status":"publish","type":"post","link":"https:\/\/lahoratendencias.audiencelabs.com.br\/expresidente-boric-toma-decision-y-anuncia-que-sera-el-nuevo-consejero\/","title":{"rendered":"Expresidente Boric toma decisi\u00f3n y anuncia que ser\u00e1 el nuevo consejero"},"content":{"rendered":"\n<p>La incorporaci\u00f3n de figuras clave de la pol\u00edtica nacional a organismos t\u00e9cnicos marca un hito en la planificaci\u00f3n estrat\u00e9gica del desarrollo estatal a largo plazo. El expresidente Gabriel Boric se ha sumado oficialmente a la tradici\u00f3n de sus predecesores al integrarse como nuevo consejero del Consejo de Pol\u00edticas de Infraestructura.<\/p>\n\n\n\n<p>Este organismo, de car\u00e1cter transversal, funciona como un centro de pensamiento dedicado a proyectar las obras p\u00fablicas m\u00e1s all\u00e1 de los ciclos gubernamentales de cuatro a\u00f1os.<\/p>\n\n\n\n<p>La llegada del exmandatario refuerza una pr\u00e1ctica institucional donde quienes condujeron el pa\u00eds aportan su visi\u00f3n de Estado a la construcci\u00f3n del territorio. Actualmente, esta instituci\u00f3n es liderada por el expresidente Eduardo Frei Ruiz-Tagle, manteniendo un hilo conductor entre distintas visiones pol\u00edticas y generacionales.<\/p>\n\n\n\n<p>El objetivo central es articular proyectos de infraestructura sostenible que permitan aumentar la productividad y elevar la calidad de vida de los habitantes.<\/p>\n\n\n\n<h2 class=\"wp-block-heading\">Un espacio de di\u00e1logo para la infraestructura sostenible<\/h2>\n\n\n\n<p>El Consejo de Pol\u00edticas de Infraestructura se ha consolidado como un punto de encuentro entre el sector p\u00fablico, el mundo acad\u00e9mico y el \u00e1mbito privado. En sus sesiones se debaten propuestas que buscan resolver los desaf\u00edos de conectividad, vivienda y servicios esenciales bajo una mirada de sostenibilidad ambiental.<\/p>\n\n\n\n<p>La participaci\u00f3n de exjefes de Estado permite que el debate se nutra de una experiencia directa sobre las dificultades presupuestarias y t\u00e9cnicas de las grandes obras.<\/p>\n\n\n\n<h4 class=\"wp-block-heading\"><strong>[Te puede interesar] <a href=\"https:\/\/www.lahora.cl\/tendencias\/ajuste-del-3-reduce-gastos-en-personal-y-actos-presidenciales-del-gobierno-de-kast\/\" target=\"_blank\" rel=\"noopener\">Ajuste del 3% reduce gastos en personal y actos presidenciales del gobierno de Kast<\/a><\/strong><\/h4>\n\n\n\n<p>Este centro de estudios eval\u00faa constantemente el impacto de las pol\u00edticas p\u00fablicas para proponer ajustes que aseguren un crecimiento equitativo en todas las regiones. La mirada de largo plazo es fundamental para evitar que las obras estrat\u00e9gicas queden sujetas a las urgencias de la contingencia pol\u00edtica inmediata.<\/p>\n\n\n\n<p>La integraci\u00f3n de diversas voces garantiza que los proyectos cuenten con el respaldo t\u00e9cnico y social necesario para su ejecuci\u00f3n exitosa en el tiempo.<\/p>\n\n\n\n<h2 class=\"wp-block-heading\">El valor de la experiencia en la formulaci\u00f3n de pol\u00edticas p\u00fablicas<\/h2>\n\n\n\n<p>Contar con el conocimiento de exministros de Obras P\u00fablicas, Hacienda y Transportes dota a este consejo de una solidez t\u00e9cnica dif\u00edcil de encontrar en otros espacios. El director ejecutivo de la instituci\u00f3n ha destacado que la visi\u00f3n de los expresidentes es invaluable para comprender los nudos cr\u00edticos que enfrenta la naci\u00f3n.<\/p>\n\n\n\n<p>La estructura del organismo permite que gremios, empresas y universidades colaboren en el dise\u00f1o de soluciones innovadoras para los problemas de urbanismo actuales.<\/p>\n\n\n\n<h4 class=\"wp-block-heading\"><strong>[Lee tambi\u00e9n] <a href=\"https:\/\/www.lahora.cl\/tendencias\/fue-nombrada-por-gabriel-boric-y-ahora-trabajara-con-jose-antonio-kast-en-chile-por-disposicion-de-la-ley\/\" target=\"_blank\" rel=\"noopener\">Fue nombrada por Gabriel Boric y ahora trabajar\u00e1 con Jos\u00e9 Antonio Kast en Chile por disposici\u00f3n de la ley<\/a><\/strong><\/h4>\n\n\n\n<p>El enfoque no se limita a la construcci\u00f3n de cemento y acero, sino a la eficiencia de los servicios que se desprenden de cada infraestructura realizada. Desde su creaci\u00f3n en 2013, este espacio ha fomentado un debate profesional que prioriza el sentido de Estado por sobre las diferencias ideol\u00f3gicas coyunturales.<\/p>\n\n\n\n<p>La nueva conformaci\u00f3n del consejo promete ser un motor de reflexi\u00f3n para los desaf\u00edos de modernizaci\u00f3n que el pa\u00eds requiere enfrentar en la pr\u00f3xima d\u00e9cada.<\/p>\n","protected":false},"excerpt":{"rendered":"<p>La incorporaci\u00f3n de figuras clave de la pol\u00edtica nacional a organismos t\u00e9cnicos marca un hito en la planificaci\u00f3n estrat\u00e9gica del desarrollo estatal a largo plazo. El expresidente Gabriel Boric se ha sumado oficialmente a la tradici\u00f3n de sus predecesores al integrarse como nuevo consejero del Consejo de Pol\u00edticas de Infraestructura. Este organismo, de car\u00e1cter transversal, [&hellip;]<\/p>\n","protected":false},"author":2,"featured_media":3940,"comment_status":"open","ping_status":"open","sticky":false,"template":"","format":"standard","meta":{"jnews-multi-image_gallery":[],"jnews_single_post":{"format":"standard"},"jnews_primary_category":[],"jnews_social_meta":[],"jnews_post_split":[],"footnotes":""},"categories":[1],"tags":[1767,324,830],"class_list":["post-3937","post","type-post","status-publish","format-standard","has-post-thumbnail","hentry","category-uncategorized","tag-consejero","tag-expresidente","tag-gabriel-boric"],"_links":{"self":[{"href":"https:\/\/lahoratendencias.audiencelabs.com.br\/wp-json\/wp\/v2\/posts\/3937","targetHints":{"allow":["GET"]}}],"collection":[{"href":"https:\/\/lahoratendencias.audiencelabs.com.br\/wp-json\/wp\/v2\/posts"}],"about":[{"href":"https:\/\/lahoratendencias.audiencelabs.com.br\/wp-json\/wp\/v2\/types\/post"}],"author":[{"embeddable":true,"href":"https:\/\/lahoratendencias.audiencelabs.com.br\/wp-json\/wp\/v2\/users\/2"}],"replies":[{"embeddable":true,"href":"https:\/\/lahoratendencias.audiencelabs.com.br\/wp-json\/wp\/v2\/comments?post=3937"}],"version-history":[{"count":1,"href":"https:\/\/lahoratendencias.audiencelabs.com.br\/wp-json\/wp\/v2\/posts\/3937\/revisions"}],"predecessor-version":[{"id":3938,"href":"https:\/\/lahoratendencias.audiencelabs.com.br\/wp-json\/wp\/v2\/posts\/3937\/revisions\/3938"}],"wp:featuredmedia":[{"embeddable":true,"href":"https:\/\/lahoratendencias.audiencelabs.com.br\/wp-json\/wp\/v2\/media\/3940"}],"wp:attachment":[{"href":"https:\/\/lahoratendencias.audiencelabs.com.br\/wp-json\/wp\/v2\/media?parent=3937"}],"wp:term":[{"taxonomy":"category","embeddable":true,"href":"https:\/\/lahoratendencias.audiencelabs.com.br\/wp-json\/wp\/v2\/categories?post=3937"},{"taxonomy":"post_tag","embeddable":true,"href":"https:\/\/lahoratendencias.audiencelabs.com.br\/wp-json\/wp\/v2\/tags?post=3937"}],"curies":[{"name":"wp","href":"https:\/\/api.w.org\/{rel}","templated":true}]}}