{"id":3934,"date":"2026-04-29T11:19:22","date_gmt":"2026-04-29T15:19:22","guid":{"rendered":"https:\/\/lahoratendencias.audiencelabs.com.br\/?p=3934"},"modified":"2026-04-29T11:32:52","modified_gmt":"2026-04-29T15:32:52","slug":"hay-una-diferencia-entre-escolarizacion-y-educacion-segun-elon-musk-yo-no-fui-a-harvard-y","status":"publish","type":"post","link":"https:\/\/lahoratendencias.audiencelabs.com.br\/hay-una-diferencia-entre-escolarizacion-y-educacion-segun-elon-musk-yo-no-fui-a-harvard-y\/","title":{"rendered":"Hay una diferencia entre escolarizaci\u00f3n y educaci\u00f3n, seg\u00fan Elon Musk: &#8220;Yo no fui a Harvard y&#8230;&#8221;"},"content":{"rendered":"\n<p>La distinci\u00f3n entre poseer un t\u00edtulo acad\u00e9mico y ostentar una verdadera capacidad intelectual ha sido el eje de un debate reabierto por uno de los l\u00edderes tecnol\u00f3gicos m\u00e1s influyentes del siglo. Elon Musk ha puesto sobre la mesa una idea que incomoda a las estructuras tradicionales al separar dr\u00e1sticamente el concepto de ir a la escuela del acto de educarse.<\/p>\n\n\n\n<p>Su afirmaci\u00f3n sobre la presencia de graduados de Harvard bajo su mando no es un ataque al prestigio, sino una reivindicaci\u00f3n del liderazgo basado en la ejecuci\u00f3n pr\u00e1ctica.<\/p>\n\n\n\n<p>Esta postura sugiere que el sistema formal de ense\u00f1anza a menudo se enfoca en la obtenci\u00f3n de certificados, dejando de lado el pensamiento cr\u00edtico indispensable en el mundo real. Para quienes buscan innovar, el aula es apenas un punto de partida que no debe confundirse con el destino final del conocimiento humano.<\/p>\n\n\n\n<p>El \u00e9xito, en este sentido, se aleja de la reputaci\u00f3n de las instituciones para centrarse en la resoluci\u00f3n efectiva de problemas complejos que no figuran en los libros de texto.<\/p>\n\n\n\n<h2 class=\"wp-block-heading\">El valor real de las credenciales frente a la competencia pr\u00e1ctica<\/h2>\n\n\n\n<p>La escolarizaci\u00f3n ofrece una base t\u00e9cnica y una estructura necesaria, pero no garantiza autom\u00e1ticamente la visi\u00f3n de futuro ni el coraje para emprender acciones disruptivas. En el mercado laboral contempor\u00e1neo, el peso de un diploma de \u00e9lite ha comenzado a equilibrarse con la capacidad demostrada de aprendizaje aut\u00f3nomo y continuo.<\/p>\n\n\n\n<p>Las grandes corporaciones valoran cada vez m\u00e1s la agilidad mental y la habilidad para transformar una idea abstracta en un resultado tangible y rentable.<\/p>\n\n\n\n<h4 class=\"wp-block-heading\"><strong>[Te puede interesar] <a href=\"https:\/\/www.lahora.cl\/tendencias\/elon-musk-firma-130-000-contr\/\" target=\"_blank\" rel=\"noopener\">Elon Musk firma 130.000 contratos en Chile y se vuelve a\u00fan m\u00e1s rico<\/a><\/strong><\/h4>\n\n\n\n<p>Un t\u00edtulo de una universidad prestigiosa funciona como una llave de acceso, pero es la educaci\u00f3n autodidacta la que mantiene esa puerta abierta a largo plazo. La provocaci\u00f3n de Musk invita a los profesionales a no permitir que sus credenciales acad\u00e9micas se conviertan en un sustituto del pensamiento independiente y la creatividad.<\/p>\n\n\n\n<p>La verdadera competencia real nace cuando el individuo asume la responsabilidad de su propio progreso, m\u00e1s all\u00e1 de los ex\u00e1menes y las calificaciones estandarizadas.<\/p>\n\n\n\n<h2 class=\"wp-block-heading\">Aprendizaje continuo y la disciplina fuera del entorno formal<\/h2>\n\n\n\n<p>Aprender fuera de las paredes de una instituci\u00f3n requiere una dosis de disciplina superior, ya que no existen plazos externos ni figuras de autoridad que dicten el ritmo. Este proceso de educaci\u00f3n permanente se nutre de la curiosidad insaciable, la lectura diversa y la capacidad de analizar los errores propios con honestidad brutal.<\/p>\n\n\n\n<p>Los h\u00e1bitos que consolidan este crecimiento incluyen la b\u00fasqueda de mentores experimentados y la implementaci\u00f3n de proyectos experimentales a peque\u00f1a escala.<\/p>\n\n\n\n<h4 class=\"wp-block-heading\"><strong>[Lee tambi\u00e9n] <a href=\"https:\/\/www.lahora.cl\/tendencias\/musk-duenos-autos-electricos\/\" target=\"_blank\" rel=\"noopener\">Elon Musk env\u00eda importante mensaje a todos los due\u00f1os de autos el\u00e9ctricos en Chile<\/a><\/strong><\/h4>\n\n\n\n<p>La lecci\u00f3n fundamental es que ning\u00fan camino educativo es una garant\u00eda absoluta de triunfo si no se complementa con una actitud de b\u00fasqueda constante. Incluso quienes no han accedido a centros de ense\u00f1anza de \u00e9lite pueden alcanzar niveles de excelencia si mantienen un m\u00e9todo riguroso de formaci\u00f3n personal.<\/p>\n\n\n\n<p>Al final, la educaci\u00f3n es un proceso que comienza cuando termina la ceremonia de graduaci\u00f3n y se enfrenta el desaf\u00edo de pensar de forma aut\u00f3noma ante problemas dif\u00edciles.<\/p>\n","protected":false},"excerpt":{"rendered":"<p>La distinci\u00f3n entre poseer un t\u00edtulo acad\u00e9mico y ostentar una verdadera capacidad intelectual ha sido el eje de un debate reabierto por uno de los l\u00edderes tecnol\u00f3gicos m\u00e1s influyentes del siglo. Elon Musk ha puesto sobre la mesa una idea que incomoda a las estructuras tradicionales al separar dr\u00e1sticamente el concepto de ir a la [&hellip;]<\/p>\n","protected":false},"author":2,"featured_media":3935,"comment_status":"open","ping_status":"open","sticky":false,"template":"","format":"standard","meta":{"jnews-multi-image_gallery":[],"jnews_single_post":{"format":"standard"},"jnews_primary_category":[],"jnews_social_meta":[],"jnews_post_split":[],"footnotes":""},"categories":[1],"tags":[982,178,1766,1655],"class_list":["post-3934","post","type-post","status-publish","format-standard","has-post-thumbnail","hentry","category-uncategorized","tag-educacion","tag-elon-musk","tag-escolarizacion","tag-harvard"],"_links":{"self":[{"href":"https:\/\/lahoratendencias.audiencelabs.com.br\/wp-json\/wp\/v2\/posts\/3934","targetHints":{"allow":["GET"]}}],"collection":[{"href":"https:\/\/lahoratendencias.audiencelabs.com.br\/wp-json\/wp\/v2\/posts"}],"about":[{"href":"https:\/\/lahoratendencias.audiencelabs.com.br\/wp-json\/wp\/v2\/types\/post"}],"author":[{"embeddable":true,"href":"https:\/\/lahoratendencias.audiencelabs.com.br\/wp-json\/wp\/v2\/users\/2"}],"replies":[{"embeddable":true,"href":"https:\/\/lahoratendencias.audiencelabs.com.br\/wp-json\/wp\/v2\/comments?post=3934"}],"version-history":[{"count":1,"href":"https:\/\/lahoratendencias.audiencelabs.com.br\/wp-json\/wp\/v2\/posts\/3934\/revisions"}],"predecessor-version":[{"id":3936,"href":"https:\/\/lahoratendencias.audiencelabs.com.br\/wp-json\/wp\/v2\/posts\/3934\/revisions\/3936"}],"wp:featuredmedia":[{"embeddable":true,"href":"https:\/\/lahoratendencias.audiencelabs.com.br\/wp-json\/wp\/v2\/media\/3935"}],"wp:attachment":[{"href":"https:\/\/lahoratendencias.audiencelabs.com.br\/wp-json\/wp\/v2\/media?parent=3934"}],"wp:term":[{"taxonomy":"category","embeddable":true,"href":"https:\/\/lahoratendencias.audiencelabs.com.br\/wp-json\/wp\/v2\/categories?post=3934"},{"taxonomy":"post_tag","embeddable":true,"href":"https:\/\/lahoratendencias.audiencelabs.com.br\/wp-json\/wp\/v2\/tags?post=3934"}],"curies":[{"name":"wp","href":"https:\/\/api.w.org\/{rel}","templated":true}]}}