{"id":3930,"date":"2026-04-29T10:17:32","date_gmt":"2026-04-29T14:17:32","guid":{"rendered":"https:\/\/lahoratendencias.audiencelabs.com.br\/?p=3930"},"modified":"2026-04-29T10:35:34","modified_gmt":"2026-04-29T14:35:34","slug":"gobierno-confirma-reduccion-de-32-721-millones-y-desmantela-programas-estatales","status":"publish","type":"post","link":"https:\/\/lahoratendencias.audiencelabs.com.br\/gobierno-confirma-reduccion-de-32-721-millones-y-desmantela-programas-estatales\/","title":{"rendered":"Gobierno confirma reducci\u00f3n de $32.721 millones y desmantela programas estatales"},"content":{"rendered":"\n<p>El escenario fiscal ha dado un giro dr\u00e1stico tras la firma de un decreto que reduce los fondos destinados a programas estatales para las capas m\u00e1s vulnerables de la sociedad. La decisi\u00f3n del Ministerio de Hacienda ha generado una onda de choque en el sistema de protecci\u00f3n social al recortar m\u00e1s de 32.700 millones de pesos.<\/p>\n\n\n\n<p>Esta medida impacta directamente en programas que asisten a la infancia, los pueblos originarios y la juventud en todo el territorio nacional.<\/p>\n\n\n\n<p>El ajuste ocurre en un clima de alta tensi\u00f3n pol\u00edtica, marcado por la incertidumbre sobre la continuidad de pol\u00edticas p\u00fablicas esenciales. Las instituciones encargadas de la protecci\u00f3n de derechos fundamentales ven hoy comprometida su capacidad operativa ante la falta de recursos frescos.<\/p>\n\n\n\n<p>Para miles de ciudadanos, esta resoluci\u00f3n administrativa se traduce en una disminuci\u00f3n real de los beneficios y servicios que el Estado debe garantizar.<\/p>\n\n\n\n<h2 class=\"wp-block-heading\">Impacto en la ni\u00f1ez y sectores estrat\u00e9gicos<\/h2>\n\n\n\n<p>El Servicio Nacional de Protecci\u00f3n Especializada a la Ni\u00f1ez y Adolescencia encabeza la lista de organismos afectados con una resta de 12.748 millones. Iniciativas emblem\u00e1ticas, como el Programa de Apoyo al Reci\u00e9n Nacido, sufren disminuciones que ponen en riesgo la entrega de implementos b\u00e1sicos para neonatos.<\/p>\n\n\n\n<p>La Corporaci\u00f3n Nacional de Desarrollo Ind\u00edgena tambi\u00e9n enfrenta una merma de 7.634 millones, afectando los fondos de tierras y el apoyo comunitario.<\/p>\n\n\n\n<h4 class=\"wp-block-heading\"><strong>[Te puede interesar] <a href=\"https:\/\/www.lahora.cl\/tendencias\/gobierno-confirma-reduccion-aun-para-abril-y-los-chilenos-ya-sienten-el-adelanto-de-la-nueva-realidad-en-el-pais\/\" target=\"_blank\" rel=\"noopener\">Gobierno confirma reducci\u00f3n a\u00fan para abril y los chilenos ya sienten el adelanto de la nueva realidad en el pa\u00eds<\/a><\/strong><\/h4>\n\n\n\n<p>Por su parte, el Instituto Nacional de la Juventud y la Subsecretar\u00eda de la Ni\u00f1ez pierden montos que superan los 3.000 millones cada uno. Incluso la atenci\u00f3n a personas con discapacidad y adultos mayores se ve mermada, debilitando los pilares del acompa\u00f1amiento familiar y social.<\/p>\n\n\n\n<p>Este recorte presupuestario reabre el debate sobre las prioridades del Ejecutivo frente a una agenda de ajuste fiscal que golpea el gasto social.<\/p>\n\n\n\n<h2 class=\"wp-block-heading\">Reacciones gremiales y cuestionamientos jur\u00eddicos<\/h2>\n\n\n\n<p>La Agrupaci\u00f3n Nacional de Empleados Fiscales ha calificado esta medida como un ataque frontal a los derechos sociales y a la funci\u00f3n p\u00fablica. Desde el gremio advierten que reducir mediante decreto financiamientos aprobados por ley genera una grave prevenci\u00f3n jur\u00eddica y pol\u00edtica.<\/p>\n\n\n\n<p>La controversia se intensifica al coincidir este decreto con circulares que sugieren descontinuar o reformular decenas de programas estatales.<\/p>\n\n\n\n<h4 class=\"wp-block-heading\"><strong>[Lee tambi\u00e9n] <a href=\"https:\/\/www.lahora.cl\/tendencias\/se-confirma-reduccion-en-chile-y-trabajadores-son-avisados-de-recorte\/\" target=\"_blank\" rel=\"noopener\">Se confirma reducci\u00f3n en Chile y trabajadores son avisados de recorte<\/a><\/strong><\/h4>\n\n\n\n<p>Cr\u00edticos de la medida se\u00f1alan que estas reducciones debilitan la presencia del Estado en los sectores que m\u00e1s requieren de su intervenci\u00f3n y protecci\u00f3n. Mientras Hacienda defiende la medida como una herramienta t\u00e9cnica de redise\u00f1o, las organizaciones sociales alertan sobre un retroceso en la cobertura.<\/p>\n\n\n\n<p>La tensi\u00f3n entre la disciplina fiscal y la responsabilidad social queda as\u00ed en el centro de una discusi\u00f3n que definir\u00e1 el futuro de las pol\u00edticas de Estado.<\/p>\n","protected":false},"excerpt":{"rendered":"<p>El escenario fiscal ha dado un giro dr\u00e1stico tras la firma de un decreto que reduce los fondos destinados a programas estatales para las capas m\u00e1s vulnerables de la sociedad. La decisi\u00f3n del Ministerio de Hacienda ha generado una onda de choque en el sistema de protecci\u00f3n social al recortar m\u00e1s de 32.700 millones de [&hellip;]<\/p>\n","protected":false},"author":2,"featured_media":3931,"comment_status":"open","ping_status":"open","sticky":false,"template":"","format":"standard","meta":{"jnews-multi-image_gallery":[],"jnews_single_post":{"format":"standard"},"jnews_primary_category":[],"jnews_social_meta":[],"jnews_post_split":[],"footnotes":""},"categories":[1],"tags":[203,1765,1764],"class_list":["post-3930","post","type-post","status-publish","format-standard","has-post-thumbnail","hentry","category-uncategorized","tag-gobierno","tag-ministerio-de-desarrollo-social","tag-programas-estatales"],"_links":{"self":[{"href":"https:\/\/lahoratendencias.audiencelabs.com.br\/wp-json\/wp\/v2\/posts\/3930","targetHints":{"allow":["GET"]}}],"collection":[{"href":"https:\/\/lahoratendencias.audiencelabs.com.br\/wp-json\/wp\/v2\/posts"}],"about":[{"href":"https:\/\/lahoratendencias.audiencelabs.com.br\/wp-json\/wp\/v2\/types\/post"}],"author":[{"embeddable":true,"href":"https:\/\/lahoratendencias.audiencelabs.com.br\/wp-json\/wp\/v2\/users\/2"}],"replies":[{"embeddable":true,"href":"https:\/\/lahoratendencias.audiencelabs.com.br\/wp-json\/wp\/v2\/comments?post=3930"}],"version-history":[{"count":1,"href":"https:\/\/lahoratendencias.audiencelabs.com.br\/wp-json\/wp\/v2\/posts\/3930\/revisions"}],"predecessor-version":[{"id":3932,"href":"https:\/\/lahoratendencias.audiencelabs.com.br\/wp-json\/wp\/v2\/posts\/3930\/revisions\/3932"}],"wp:featuredmedia":[{"embeddable":true,"href":"https:\/\/lahoratendencias.audiencelabs.com.br\/wp-json\/wp\/v2\/media\/3931"}],"wp:attachment":[{"href":"https:\/\/lahoratendencias.audiencelabs.com.br\/wp-json\/wp\/v2\/media?parent=3930"}],"wp:term":[{"taxonomy":"category","embeddable":true,"href":"https:\/\/lahoratendencias.audiencelabs.com.br\/wp-json\/wp\/v2\/categories?post=3930"},{"taxonomy":"post_tag","embeddable":true,"href":"https:\/\/lahoratendencias.audiencelabs.com.br\/wp-json\/wp\/v2\/tags?post=3930"}],"curies":[{"name":"wp","href":"https:\/\/api.w.org\/{rel}","templated":true}]}}