{"id":3903,"date":"2026-04-28T18:01:36","date_gmt":"2026-04-28T22:01:36","guid":{"rendered":"https:\/\/lahoratendencias.audiencelabs.com.br\/?p=3903"},"modified":"2026-04-28T18:01:38","modified_gmt":"2026-04-28T22:01:38","slug":"te-gustaria-tener-vivienda-gratuita-empleo-y-una-nueva-vida-tranquila-en-las-reconditas-montanas-europeas","status":"publish","type":"post","link":"https:\/\/lahoratendencias.audiencelabs.com.br\/te-gustaria-tener-vivienda-gratuita-empleo-y-una-nueva-vida-tranquila-en-las-reconditas-montanas-europeas\/","title":{"rendered":"\u00bfTe gustar\u00eda tener vivienda gratuita, empleo y una nueva vida tranquila en las rec\u00f3nditas monta\u00f1as europeas?"},"content":{"rendered":"\n<p>El fen\u00f3meno de la despoblaci\u00f3n rural ha encontrado un adversario formidable en la peque\u00f1a localidad de Arenillas, un rinc\u00f3n rec\u00f3ndito que se niega a desaparecer del mapa. Con apenas 40 habitantes, este enclave espa\u00f1ol ha lanzado una propuesta que redefine el concepto de migraci\u00f3n interna hacia las zonas de monta\u00f1a.<\/p>\n\n\n\n<p>La oferta es tan inusual como tentadora: vivienda gratuita y empleo garantizado para quienes decidan abandonar el asfalto por la tierra f\u00e9rtil.<\/p>\n\n\n\n<p>Esta iniciativa no es un simple acto de generosidad, sino una estrategia de supervivencia para reactivar una econom\u00eda que languidec\u00eda entre casas vac\u00edas. El programa busca atraer perfiles espec\u00edficos que aporten valor a la comunidad y, sobre todo, que inyecten juventud a sus calles silenciosas.<\/p>\n\n\n\n<p>La respuesta de los aspirantes ha convertido a este pueblo en un s\u00edmbolo de la resistencia frente al abandono de la vida rural en Europa.<\/p>\n\n\n\n<h2 class=\"wp-block-heading\">Incentivos para una nueva vida entre monta\u00f1as y aire puro<\/h2>\n\n\n\n<p>El paquete de beneficios dise\u00f1ado por el ayuntamiento local incluye una residencia totalmente reformada, eliminando el peso del alquiler mensual. Para asegurar la estabilidad de los nuevos residentes, el plan contempla ofertas laborales que se ajustan a la experiencia previa de cada candidato seleccionado.<\/p>\n\n\n\n<p>El enfoque principal se centra en familias con hijos peque\u00f1os, con el objetivo cr\u00edtico de mantener abierta la escuela rural de la comarca.<\/p>\n\n\n\n<h4 class=\"wp-block-heading\"><strong>[Te puede interesar] <a href=\"https:\/\/www.lahora.cl\/tendencias\/isla-griega-casa-gratis\/\" target=\"_blank\" rel=\"noopener\">\u00a1Cambio de vida! Isla griega promete CASA GRATIS a quienes cuiden gatos: c\u00f3mo postular<\/a><\/strong><\/h4>\n\n\n\n<p>Adem\u00e1s del alojamiento, los beneficiarios reciben apoyo directo de trabajadores sociales para facilitar su integraci\u00f3n en la din\u00e1mica social de la zona. Se priorizan perfiles como artesanos, teletrabajadores y agricultores que puedan convivir con el ritmo pausado y la desconexi\u00f3n tecnol\u00f3gica parcial.<\/p>\n\n\n\n<p>El compromiso exigido a cambio es la residencia efectiva durante al menos cinco a\u00f1os, garantizando as\u00ed un impacto real en el censo municipal.<\/p>\n\n\n\n<h2 class=\"wp-block-heading\">Desaf\u00edos de la monta\u00f1a y el nuevo valor de la tranquilidad<\/h2>\n\n\n\n<p>Vivir en una comunidad tan reducida implica una transformaci\u00f3n profunda de los h\u00e1bitos de consumo y las interacciones humanas cotidianas. La ausencia de centros comerciales y grandes superficies se compensa con el trato directo entre vecinos y una alimentaci\u00f3n basada en productos locales.<\/p>\n\n\n\n<p>El clima invernal y el aislamiento geogr\u00e1fico representan los mayores obst\u00e1culos para quienes est\u00e1n acostumbrados a la inmediatez de los servicios urbanos.<\/p>\n\n\n\n<h4 class=\"wp-block-heading\"><strong>[Lee tambi\u00e9n] <a href=\"https:\/\/www.lahora.cl\/tendencias\/pueblo-de-40-habitantes-busca-nuevos-residentes-ofrece-alojamiento-gratuito-empleo-y-una-nueva-vida-en-la-montana\/\" target=\"_blank\" rel=\"noopener\">Pueblo de 40 habitantes busca nuevos residentes: ofrece alojamiento gratuito, empleo y una nueva vida en la monta\u00f1a<\/a><\/strong><\/h4>\n\n\n\n<p>Sin embargo, para muchos europeos, el aire puro y la seguridad de un entorno controlado superan con creces las comodidades de las capitales saturadas. Este cambio de paradigma refleja un agotamiento generalizado ante el encarecimiento de la vida y el estr\u00e9s constante de las metr\u00f3polis contempor\u00e1neas.<\/p>\n\n\n\n<p>Arenillas demuestra que, con voluntad pol\u00edtica y planes concretos, es posible convertir un pueblo al borde de la extinci\u00f3n en un refugio deseado.<\/p>\n\n\n\n<p><\/p>\n","protected":false},"excerpt":{"rendered":"<p>El fen\u00f3meno de la despoblaci\u00f3n rural ha encontrado un adversario formidable en la peque\u00f1a localidad de Arenillas, un rinc\u00f3n rec\u00f3ndito que se niega a desaparecer del mapa. Con apenas 40 habitantes, este enclave espa\u00f1ol ha lanzado una propuesta que redefine el concepto de migraci\u00f3n interna hacia las zonas de monta\u00f1a. La oferta es tan inusual [&hellip;]<\/p>\n","protected":false},"author":2,"featured_media":3904,"comment_status":"open","ping_status":"open","sticky":false,"template":"","format":"standard","meta":{"jnews-multi-image_gallery":[],"jnews_single_post":{"format":"standard"},"jnews_primary_category":[],"jnews_social_meta":[],"jnews_post_split":[],"footnotes":""},"categories":[1],"tags":[1604,626,1606,1753],"class_list":["post-3903","post","type-post","status-publish","format-standard","has-post-thumbnail","hentry","category-uncategorized","tag-arenillas","tag-empleo","tag-nueva-vida","tag-vivienda-gratuita"],"_links":{"self":[{"href":"https:\/\/lahoratendencias.audiencelabs.com.br\/wp-json\/wp\/v2\/posts\/3903","targetHints":{"allow":["GET"]}}],"collection":[{"href":"https:\/\/lahoratendencias.audiencelabs.com.br\/wp-json\/wp\/v2\/posts"}],"about":[{"href":"https:\/\/lahoratendencias.audiencelabs.com.br\/wp-json\/wp\/v2\/types\/post"}],"author":[{"embeddable":true,"href":"https:\/\/lahoratendencias.audiencelabs.com.br\/wp-json\/wp\/v2\/users\/2"}],"replies":[{"embeddable":true,"href":"https:\/\/lahoratendencias.audiencelabs.com.br\/wp-json\/wp\/v2\/comments?post=3903"}],"version-history":[{"count":1,"href":"https:\/\/lahoratendencias.audiencelabs.com.br\/wp-json\/wp\/v2\/posts\/3903\/revisions"}],"predecessor-version":[{"id":3905,"href":"https:\/\/lahoratendencias.audiencelabs.com.br\/wp-json\/wp\/v2\/posts\/3903\/revisions\/3905"}],"wp:featuredmedia":[{"embeddable":true,"href":"https:\/\/lahoratendencias.audiencelabs.com.br\/wp-json\/wp\/v2\/media\/3904"}],"wp:attachment":[{"href":"https:\/\/lahoratendencias.audiencelabs.com.br\/wp-json\/wp\/v2\/media?parent=3903"}],"wp:term":[{"taxonomy":"category","embeddable":true,"href":"https:\/\/lahoratendencias.audiencelabs.com.br\/wp-json\/wp\/v2\/categories?post=3903"},{"taxonomy":"post_tag","embeddable":true,"href":"https:\/\/lahoratendencias.audiencelabs.com.br\/wp-json\/wp\/v2\/tags?post=3903"}],"curies":[{"name":"wp","href":"https:\/\/api.w.org\/{rel}","templated":true}]}}