{"id":3899,"date":"2026-04-28T17:25:11","date_gmt":"2026-04-28T21:25:11","guid":{"rendered":"https:\/\/lahoratendencias.audiencelabs.com.br\/?p=3899"},"modified":"2026-04-28T17:25:40","modified_gmt":"2026-04-28T21:25:40","slug":"nueva-ley-entra-en-vigor-en-2026-que-pone-fin-a-los-telefonos-moviles-tal-como-los-conocemos","status":"publish","type":"post","link":"https:\/\/lahoratendencias.audiencelabs.com.br\/nueva-ley-entra-en-vigor-en-2026-que-pone-fin-a-los-telefonos-moviles-tal-como-los-conocemos\/","title":{"rendered":"Nueva ley entra en vigor en 2026 que pone fin a los tel\u00e9fonos m\u00f3viles tal como los conocemos"},"content":{"rendered":"\n<p>El panorama tecnol\u00f3gico global se encuentra a las puertas de una transformaci\u00f3n legislativa que podr\u00eda redefinir la estructura interna de los tel\u00e9fonos m\u00f3viles m\u00e1s utilizados del mundo. Una nueva normativa de la Uni\u00f3n Europea impone que todos los tel\u00e9fonos inteligentes vendidos a partir de 2027 cuenten con bater\u00edas que el usuario pueda reemplazar f\u00e1cilmente.<\/p>\n\n\n\n<p>Esta medida busca combatir la obsolescencia programada y reducir el volumen masivo de residuos electr\u00f3nicos que se generan anualmente por dispositivos descartados.<\/p>\n\n\n\n<p>Sin embargo, los gigantes del sector han encontrado una v\u00eda legal para mantener sus dise\u00f1os sellados y la resistencia al agua que caracteriza a la gama alta. La estrategia no consiste en volver a las carcasas extra\u00edbles del pasado, sino en elevar la calidad de los componentes hasta niveles de durabilidad extremos.<\/p>\n\n\n\n<p>El cumplimiento de esta ley marcar\u00e1 una divisi\u00f3n clara entre los dispositivos de consumo r\u00e1pido y aquellos dise\u00f1ados para perdurar durante a\u00f1os en manos del usuario.<\/p>\n\n\n\n<h2 class=\"wp-block-heading\">La cl\u00e1usula de excepci\u00f3n y la ingenier\u00eda de los mil ciclos<\/h2>\n\n\n\n<p>El reglamento europeo incluye una excepci\u00f3n t\u00e9cnica que permite a los fabricantes evitar el dise\u00f1o de bater\u00edas extra\u00edbles si cumplen con dos requisitos estrictos. El dispositivo debe poseer una certificaci\u00f3n de resistencia al agua IP67 o superior y garantizar que la bater\u00eda mantenga el 80% de su capacidad tras mil ciclos de carga.<\/p>\n\n\n\n<p>Apple ha liderado esta transici\u00f3n silenciosa ajustando las especificaciones de sus celdas de energ\u00eda para superar este est\u00e1ndar mucho antes de la entrada en vigor de la ley.<\/p>\n\n\n\n<h4 class=\"wp-block-heading\"><strong>[Te puede interesar] <a href=\"https:\/\/www.lahora.cl\/tendencias\/habito-que-el-65-de-los-chilenos-dice-tener-en-su-tiempo-libre-podria-estar-danando-su-cerebro\/\" target=\"_blank\" rel=\"noopener\">H\u00e1bito que el 65% de los chilenos dice tener en su tiempo libre podr\u00eda estar da\u00f1ando su cerebro<\/a><\/strong><\/h4>\n\n\n\n<p>Esta ingenier\u00eda de larga duraci\u00f3n permite que el componente esencial del tel\u00e9fono sea capaz de resistir m\u00e1s de tres a\u00f1os de uso intenso sin una degradaci\u00f3n notable. Al demostrar que la pieza es lo suficientemente robusta como para no requerir un cambio frecuente, las marcas logran preservar la est\u00e9tica unibody y la impermeabilidad.<\/p>\n\n\n\n<p>Esta validaci\u00f3n t\u00e9cnica premia a las compa\u00f1\u00edas que invierten en materiales de alta fidelidad, transformando una imposici\u00f3n legal en un sello de calidad para el consumidor.<\/p>\n\n\n\n<h2 class=\"wp-block-heading\">Competencia por la longevidad y el futuro del derecho a reparar<\/h2>\n\n\n\n<p>La carrera por la durabilidad no es exclusiva de un solo fabricante, ya que otras marcas de prestigio han comenzado a registrar cifras que superan los mil ciclos b\u00e1sicos. Modelos de \u00faltima generaci\u00f3n est\u00e1n alcanzando incluso los mil cuatrocientos ciclos de vida \u00fatil, estableciendo un nuevo est\u00e1ndar de competencia basado en la resistencia.<\/p>\n\n\n\n<p>Pese a estos avances, los defensores del derecho a la reparaci\u00f3n mantienen una postura cr\u00edtica frente a las exenciones que permiten mantener los equipos sellados.<\/p>\n\n\n\n<h4 class=\"wp-block-heading\"><strong>[Lee tambi\u00e9n] <a href=\"https:\/\/www.lahora.cl\/tendencias\/esta-tecnica-es-infalible-para-dejar-de-recibir-llamadas-spam\/\" target=\"_blank\" rel=\"noopener\">Esta t\u00e9cnica es infalible para dejar de recibir llamadas spam<\/a><\/strong><\/h4>\n\n\n\n<p>Se\u00f1alan que, aunque la bater\u00eda dure m\u00e1s, el coste de sustituci\u00f3n sigue siendo elevado y el proceso contin\u00faa dependiendo exclusivamente de servicios t\u00e9cnicos autorizados. La industria se encamina as\u00ed hacia un mercado dual: tel\u00e9fonos econ\u00f3micos con bater\u00edas accesibles y dispositivos premium con componentes de ultra larga duraci\u00f3n.<\/p>\n\n\n\n<p>El \u00e9xito de esta legislaci\u00f3n se medir\u00e1 finalmente en la reducci\u00f3n real de la basura tecnol\u00f3gica y en la capacidad de los usuarios para conservar sus equipos por m\u00e1s tiempo.<\/p>\n\n\n\n<p><\/p>\n","protected":false},"excerpt":{"rendered":"<p>El panorama tecnol\u00f3gico global se encuentra a las puertas de una transformaci\u00f3n legislativa que podr\u00eda redefinir la estructura interna de los tel\u00e9fonos m\u00f3viles m\u00e1s utilizados del mundo. Una nueva normativa de la Uni\u00f3n Europea impone que todos los tel\u00e9fonos inteligentes vendidos a partir de 2027 cuenten con bater\u00edas que el usuario pueda reemplazar f\u00e1cilmente. Esta [&hellip;]<\/p>\n","protected":false},"author":2,"featured_media":3900,"comment_status":"open","ping_status":"open","sticky":false,"template":"","format":"standard","meta":{"jnews-multi-image_gallery":[],"jnews_single_post":{"format":"standard"},"jnews_primary_category":[],"jnews_social_meta":[],"jnews_post_split":[],"footnotes":""},"categories":[1],"tags":[1084,1752,759,173],"class_list":["post-3899","post","type-post","status-publish","format-standard","has-post-thumbnail","hentry","category-uncategorized","tag-apple","tag-movil","tag-smarthphone","tag-telefono"],"_links":{"self":[{"href":"https:\/\/lahoratendencias.audiencelabs.com.br\/wp-json\/wp\/v2\/posts\/3899","targetHints":{"allow":["GET"]}}],"collection":[{"href":"https:\/\/lahoratendencias.audiencelabs.com.br\/wp-json\/wp\/v2\/posts"}],"about":[{"href":"https:\/\/lahoratendencias.audiencelabs.com.br\/wp-json\/wp\/v2\/types\/post"}],"author":[{"embeddable":true,"href":"https:\/\/lahoratendencias.audiencelabs.com.br\/wp-json\/wp\/v2\/users\/2"}],"replies":[{"embeddable":true,"href":"https:\/\/lahoratendencias.audiencelabs.com.br\/wp-json\/wp\/v2\/comments?post=3899"}],"version-history":[{"count":1,"href":"https:\/\/lahoratendencias.audiencelabs.com.br\/wp-json\/wp\/v2\/posts\/3899\/revisions"}],"predecessor-version":[{"id":3901,"href":"https:\/\/lahoratendencias.audiencelabs.com.br\/wp-json\/wp\/v2\/posts\/3899\/revisions\/3901"}],"wp:featuredmedia":[{"embeddable":true,"href":"https:\/\/lahoratendencias.audiencelabs.com.br\/wp-json\/wp\/v2\/media\/3900"}],"wp:attachment":[{"href":"https:\/\/lahoratendencias.audiencelabs.com.br\/wp-json\/wp\/v2\/media?parent=3899"}],"wp:term":[{"taxonomy":"category","embeddable":true,"href":"https:\/\/lahoratendencias.audiencelabs.com.br\/wp-json\/wp\/v2\/categories?post=3899"},{"taxonomy":"post_tag","embeddable":true,"href":"https:\/\/lahoratendencias.audiencelabs.com.br\/wp-json\/wp\/v2\/tags?post=3899"}],"curies":[{"name":"wp","href":"https:\/\/api.w.org\/{rel}","templated":true}]}}