{"id":3891,"date":"2026-04-28T15:15:00","date_gmt":"2026-04-28T19:15:00","guid":{"rendered":"https:\/\/lahoratendencias.audiencelabs.com.br\/?p=3891"},"modified":"2026-04-28T14:13:01","modified_gmt":"2026-04-28T18:13:01","slug":"cuantas-tazas-de-cafe-al-dia-son-necesarias-para-reducir-los-niveles-de-estres","status":"publish","type":"post","link":"https:\/\/lahoratendencias.audiencelabs.com.br\/cuantas-tazas-de-cafe-al-dia-son-necesarias-para-reducir-los-niveles-de-estres\/","title":{"rendered":"\u00bfCu\u00e1ntas tazas de caf\u00e9 al d\u00eda son necesarias para reducir los niveles de estr\u00e9s?"},"content":{"rendered":"\n<p>El aroma de las tazas de caf\u00e9 por la ma\u00f1ana es, para muchos, el primer refugio contra las exigencias del d\u00eda, pero la ciencia sugiere que su impacto es mucho m\u00e1s profundo. Un estudio reciente publicado en el Journal of Affective Disorders ha revelado que esta bebida milenaria no solo nos mantiene alerta, sino que act\u00faa como un protector de la salud mental.<\/p>\n\n\n\n<p>La investigaci\u00f3n traz\u00f3 una conexi\u00f3n directa entre el consumo habitual y una reducci\u00f3n significativa en el riesgo de padecer trastornos del estado de \u00e1nimo y estr\u00e9s cr\u00f3nico.<\/p>\n\n\n\n<p>Este hallazgo desaf\u00eda la creencia popular de que la cafe\u00edna siempre eleva la ansiedad, demostrando que, en las dosis correctas, el efecto es justamente el opuesto. Para aquellos que disfrutan de su ritual diario, estos datos transforman un simple placer en una herramienta estrat\u00e9gica para el bienestar emocional y cognitivo.<\/p>\n\n\n\n<p>El equilibrio parece ser la clave fundamental para que el organismo procese los compuestos bioactivos del grano sin activar los efectos secundarios del nerviosismo.<\/p>\n\n\n\n<h2 class=\"wp-block-heading\">La dosis ideal de tazas de caf\u00e9 y la curva de beneficio cient\u00edfico<\/h2>\n\n\n\n<p>Tras analizar el comportamiento de m\u00e1s de 460.000 personas durante una d\u00e9cada, los cient\u00edficos determinaron que el rango \u00f3ptimo es de dos a tres tazas al d\u00eda. En este nivel de consumo, los participantes mostraron el menor riesgo de diagn\u00f3sticos de salud mental, independientemente de si el caf\u00e9 era molido, instant\u00e1neo o descafeinado.<\/p>\n\n\n\n<p>El estudio observ\u00f3 una &#8220;curva en J&#8221;, donde los beneficios son m\u00e1ximos en la moderaci\u00f3n, pero desaparecen o se revierten al superar las cinco tazas diarias.<\/p>\n\n\n\n<h4 class=\"wp-block-heading\"><strong>[Te puede interesar] <a href=\"https:\/\/www.lahora.cl\/tendencias\/tarde-mucho-en-entender-por-que-no-deberia-poner-edulcorante-en-el-cafe\/\" target=\"_blank\" rel=\"noopener\">Tard\u00e9 mucho en entender por qu\u00e9 no deber\u00eda poner edulcorante en el caf\u00e9<\/a><\/strong><\/h4>\n\n\n\n<p>A niveles excesivos, la cafe\u00edna puede sobreestimular el sistema nervioso, incrementando la agitaci\u00f3n y anulando las propiedades protectoras acumuladas durante el d\u00eda. Resulta interesante que el efecto protector sea m\u00e1s evidente en hombres, debido a que las mujeres suelen metabolizar la cafe\u00edna con mayor lentitud, manteniendo niveles m\u00e1s altos en sangre.<\/p>\n\n\n\n<p>Esta diferencia biol\u00f3gica subraya la importancia de que cada individuo encuentre su propia &#8220;dosis ideal&#8221; basada en su tolerancia personal y ritmo de vida.<\/p>\n\n\n\n<h2 class=\"wp-block-heading\">Mecanismos biol\u00f3gicos y neurotransmisores de bienestar<\/h2>\n\n\n\n<p>El caf\u00e9 influye directamente en neurotransmisores cr\u00edticos como la dopamina y la serotonina, encargados de regular nuestras respuestas ante situaciones estresantes. Adem\u00e1s de su funci\u00f3n estimulante, el \u00e1cido clorog\u00e9nico presente en el grano reduce el estr\u00e9s oxidativo, protegiendo a las c\u00e9lulas de da\u00f1os en el ADN.<\/p>\n\n\n\n<p>La bebida tambi\u00e9n posee propiedades antiinflamatorias que ayudan a mitigar los marcadores de inflamaci\u00f3n sist\u00e9mica en el cuerpo, vinculados a la depresi\u00f3n.<\/p>\n\n\n\n<h4 class=\"wp-block-heading\"><strong>[Lee tambi\u00e9n] <a href=\"https:\/\/www.lahora.cl\/tendencias\/nuevo-estudio-revela-un-beneficio-inesperado-del-cafe-y-tu-manana-no-sera-la-misma-despues-de-esta-noticia\/\" target=\"_blank\" rel=\"noopener\">Nuevo estudio revela un beneficio inesperado del caf\u00e9 y tu ma\u00f1ana no ser\u00e1 la misma despu\u00e9s de esta noticia<\/a><\/strong><\/h4>\n\n\n\n<p>Otro factor determinante es la percepci\u00f3n de la fatiga; al reducir el cansancio, el caf\u00e9 facilita que las personas se involucren en actividades sociales o ejercicio f\u00edsico. Incluso el acto social de compartir un caf\u00e9 con amigos o colegas act\u00faa como un refuerzo psicol\u00f3gico que disminuye la sensaci\u00f3n de aislamiento y agobio.<\/p>\n\n\n\n<p>Sin embargo, los expertos advierten que el caf\u00e9 no sustituye al sue\u00f1o reparador de siete u ocho horas, el cual potencia los efectos positivos de la cafe\u00edna.<\/p>\n","protected":false},"excerpt":{"rendered":"<p>El aroma de las tazas de caf\u00e9 por la ma\u00f1ana es, para muchos, el primer refugio contra las exigencias del d\u00eda, pero la ciencia sugiere que su impacto es mucho m\u00e1s profundo. Un estudio reciente publicado en el Journal of Affective Disorders ha revelado que esta bebida milenaria no solo nos mantiene alerta, sino que [&hellip;]<\/p>\n","protected":false},"author":2,"featured_media":3892,"comment_status":"open","ping_status":"open","sticky":false,"template":"","format":"standard","meta":{"jnews-multi-image_gallery":[],"jnews_single_post":{"format":"standard"},"jnews_primary_category":[],"jnews_social_meta":[],"jnews_post_split":[],"footnotes":""},"categories":[1],"tags":[1748,822,1747],"class_list":["post-3891","post","type-post","status-publish","format-standard","has-post-thumbnail","hentry","category-uncategorized","tag-dosis","tag-estres","tag-tazas-de-cafe"],"_links":{"self":[{"href":"https:\/\/lahoratendencias.audiencelabs.com.br\/wp-json\/wp\/v2\/posts\/3891","targetHints":{"allow":["GET"]}}],"collection":[{"href":"https:\/\/lahoratendencias.audiencelabs.com.br\/wp-json\/wp\/v2\/posts"}],"about":[{"href":"https:\/\/lahoratendencias.audiencelabs.com.br\/wp-json\/wp\/v2\/types\/post"}],"author":[{"embeddable":true,"href":"https:\/\/lahoratendencias.audiencelabs.com.br\/wp-json\/wp\/v2\/users\/2"}],"replies":[{"embeddable":true,"href":"https:\/\/lahoratendencias.audiencelabs.com.br\/wp-json\/wp\/v2\/comments?post=3891"}],"version-history":[{"count":1,"href":"https:\/\/lahoratendencias.audiencelabs.com.br\/wp-json\/wp\/v2\/posts\/3891\/revisions"}],"predecessor-version":[{"id":3893,"href":"https:\/\/lahoratendencias.audiencelabs.com.br\/wp-json\/wp\/v2\/posts\/3891\/revisions\/3893"}],"wp:featuredmedia":[{"embeddable":true,"href":"https:\/\/lahoratendencias.audiencelabs.com.br\/wp-json\/wp\/v2\/media\/3892"}],"wp:attachment":[{"href":"https:\/\/lahoratendencias.audiencelabs.com.br\/wp-json\/wp\/v2\/media?parent=3891"}],"wp:term":[{"taxonomy":"category","embeddable":true,"href":"https:\/\/lahoratendencias.audiencelabs.com.br\/wp-json\/wp\/v2\/categories?post=3891"},{"taxonomy":"post_tag","embeddable":true,"href":"https:\/\/lahoratendencias.audiencelabs.com.br\/wp-json\/wp\/v2\/tags?post=3891"}],"curies":[{"name":"wp","href":"https:\/\/api.w.org\/{rel}","templated":true}]}}