{"id":3885,"date":"2026-04-28T13:20:55","date_gmt":"2026-04-28T17:20:55","guid":{"rendered":"https:\/\/lahoratendencias.audiencelabs.com.br\/?p=3885"},"modified":"2026-04-28T13:21:26","modified_gmt":"2026-04-28T17:21:26","slug":"6-millones-debera-pagar-un-padre-luego-de-que-su-hijo-amenazara-con-realizar-un-tiroteo-escolar","status":"publish","type":"post","link":"https:\/\/lahoratendencias.audiencelabs.com.br\/6-millones-debera-pagar-un-padre-luego-de-que-su-hijo-amenazara-con-realizar-un-tiroteo-escolar\/","title":{"rendered":"$6 millones deber\u00e1 pagar un padre luego de que su hijo amenazar\u00e1 con realizar un tiroteo escolar"},"content":{"rendered":"\n<p>El Ministerio de Justicia y Seguridad de Santa Fe ha comenzado a notificar a los padres de estudiantes involucrados en amenazas de tiroteo escolar. La justicia argentina ha marcado un precedente dr\u00e1stico en la lucha contra las falsas alarmas y las conductas disruptivas que afectan la seguridad de las instituciones educativas.<\/p>\n\n\n\n<p>Esta medida busca frenar una tendencia peligrosa que obliga al despliegue masivo de fuerzas especiales, generando p\u00e1nico y un gasto innecesario de recursos p\u00fablicos.<\/p>\n\n\n\n<p>La primera notificaci\u00f3n oficial ha reca\u00eddo sobre un padre que deber\u00e1 responder econ\u00f3micamente por las acciones de su hijo menor de edad. El impacto de la noticia ha sido inmediato, no solo por la rigurosidad de la ley, sino por la contundencia de las cifras econ\u00f3micas involucradas en el proceso.<\/p>\n\n\n\n<p>Las autoridades aseguran que este es solo el inicio de una serie de acciones destinadas a proteger los recursos que pertenecen a todos los ciudadanos.<\/p>\n\n\n\n<h2 class=\"wp-block-heading\">Una deuda civil por el costo de los operativos de seguridad<\/h2>\n\n\n\n<p>El monto que el responsable deber\u00e1 abonar asciende a la suma exacta de $6.024.944, calculada con base en los gastos operativos del procedimiento policial. La cifra no es azarosa, ya que contempla el uso de combustible, el desgaste de los veh\u00edculos, las horas de servicio y la intervenci\u00f3n de brigadas de explosivos.<\/p>\n\n\n\n<p>Desde el gobierno provincial aclararon que no se trata de una multa administrativa, sino de una deuda civil que debe ejecutarse seg\u00fan el C\u00f3digo Civil y Comercial.<\/p>\n\n\n\n<h4 class=\"wp-block-heading\"><strong>[Te puede interesar] <a href=\"https:\/\/www.lahora.cl\/tendencias\/en-la-vispera-del-viernes-santo-escuelas-en-chile-cierran-sus-puertas\/\" target=\"_blank\" rel=\"noopener\">En la v\u00edspera del Viernes Santo, escuelas en Chile cierran sus puertas<\/a><\/strong><\/h4>\n\n\n\n<p>Este marco legal permite que, en caso de incumplimiento, se proceda al embargo de sueldos o a la inhibici\u00f3n de los bienes de los progenitores responsables. El plazo otorgado para el pago es de apenas 5 d\u00edas, tras lo cual los antecedentes ser\u00e1n derivados a la Fiscal\u00eda de Estado para iniciar el cobro judicial.<\/p>\n\n\n\n<p>La notificaci\u00f3n se realiza a ambos padres bajo la figura de responsables solidarios, enfatizando que la vigilancia sobre los menores es una obligaci\u00f3n ineludible.<\/p>\n\n\n\n<h2 class=\"wp-block-heading\">Responsabilidad parental y el cuidado de los recursos p\u00fablicos<\/h2>\n\n\n\n<p>La reacci\u00f3n del primer padre notificado, quien calific\u00f3 de costosa la conducta de su hijo al momento de firmar, ha generado un intenso debate en la opini\u00f3n p\u00fablica. Las autoridades ministeriales recalcaron que cada amenaza falsa distrae a las fuerzas de seguridad de situaciones de emergencia real donde hay vidas en peligro.<\/p>\n\n\n\n<p>Este sistema de resarcimiento busca que las familias asuman un rol activo en la supervisi\u00f3n de las comunicaciones y el comportamiento digital de los j\u00f3venes.<\/p>\n\n\n\n<h4 class=\"wp-block-heading\"><strong>[Lee tambi\u00e9n] <a href=\"https:\/\/www.lahora.cl\/tendencias\/ley-menores-desde-los-13-anos\/\" target=\"_blank\" rel=\"noopener\">Nueva ley ya est\u00e1 en vigor y menores desde los 13 a\u00f1os ya pueden ser detenidos en este pa\u00eds<\/a><\/strong><\/h4>\n\n\n\n<p>Se espera que en las pr\u00f3ximas jornadas se despachen nuevas intimaciones a otros hogares identificados en investigaciones similares en distintas localidades. El mensaje de la administraci\u00f3n es rotundo: los actos que simulan ataques armados tienen consecuencias econ\u00f3micas devastadoras para el patrimonio familiar.<\/p>\n\n\n\n<p>Cuidar los recursos santafesinos es ahora una tarea compartida entre el Estado que sanciona y los padres que deben educar en la responsabilidad.<\/p>\n","protected":false},"excerpt":{"rendered":"<p>El Ministerio de Justicia y Seguridad de Santa Fe ha comenzado a notificar a los padres de estudiantes involucrados en amenazas de tiroteo escolar. La justicia argentina ha marcado un precedente dr\u00e1stico en la lucha contra las falsas alarmas y las conductas disruptivas que afectan la seguridad de las instituciones educativas. Esta medida busca frenar [&hellip;]<\/p>\n","protected":false},"author":2,"featured_media":3886,"comment_status":"open","ping_status":"open","sticky":false,"template":"","format":"standard","meta":{"jnews-multi-image_gallery":[],"jnews_single_post":{"format":"standard"},"jnews_primary_category":[],"jnews_social_meta":[],"jnews_post_split":[],"footnotes":""},"categories":[1],"tags":[1742,758,980,248,1741],"class_list":["post-3885","post","type-post","status-publish","format-standard","has-post-thumbnail","hentry","category-uncategorized","tag-amenazas","tag-hijos","tag-padres","tag-seguridad","tag-tiroteo-escolar"],"_links":{"self":[{"href":"https:\/\/lahoratendencias.audiencelabs.com.br\/wp-json\/wp\/v2\/posts\/3885","targetHints":{"allow":["GET"]}}],"collection":[{"href":"https:\/\/lahoratendencias.audiencelabs.com.br\/wp-json\/wp\/v2\/posts"}],"about":[{"href":"https:\/\/lahoratendencias.audiencelabs.com.br\/wp-json\/wp\/v2\/types\/post"}],"author":[{"embeddable":true,"href":"https:\/\/lahoratendencias.audiencelabs.com.br\/wp-json\/wp\/v2\/users\/2"}],"replies":[{"embeddable":true,"href":"https:\/\/lahoratendencias.audiencelabs.com.br\/wp-json\/wp\/v2\/comments?post=3885"}],"version-history":[{"count":1,"href":"https:\/\/lahoratendencias.audiencelabs.com.br\/wp-json\/wp\/v2\/posts\/3885\/revisions"}],"predecessor-version":[{"id":3887,"href":"https:\/\/lahoratendencias.audiencelabs.com.br\/wp-json\/wp\/v2\/posts\/3885\/revisions\/3887"}],"wp:featuredmedia":[{"embeddable":true,"href":"https:\/\/lahoratendencias.audiencelabs.com.br\/wp-json\/wp\/v2\/media\/3886"}],"wp:attachment":[{"href":"https:\/\/lahoratendencias.audiencelabs.com.br\/wp-json\/wp\/v2\/media?parent=3885"}],"wp:term":[{"taxonomy":"category","embeddable":true,"href":"https:\/\/lahoratendencias.audiencelabs.com.br\/wp-json\/wp\/v2\/categories?post=3885"},{"taxonomy":"post_tag","embeddable":true,"href":"https:\/\/lahoratendencias.audiencelabs.com.br\/wp-json\/wp\/v2\/tags?post=3885"}],"curies":[{"name":"wp","href":"https:\/\/api.w.org\/{rel}","templated":true}]}}