{"id":3881,"date":"2026-04-28T12:57:43","date_gmt":"2026-04-28T16:57:43","guid":{"rendered":"https:\/\/lahoratendencias.audiencelabs.com.br\/?p=3881"},"modified":"2026-04-28T13:00:13","modified_gmt":"2026-04-28T17:00:13","slug":"comienza-segunda-etapa-en-ley-de-las-40-horas-y-esto-es-todo-lo-que-tienes-que-saber","status":"publish","type":"post","link":"https:\/\/lahoratendencias.audiencelabs.com.br\/comienza-segunda-etapa-en-ley-de-las-40-horas-y-esto-es-todo-lo-que-tienes-que-saber\/","title":{"rendered":"Comienza segunda etapa en ley de las 40 horas y esto es todo lo que tienes que saber"},"content":{"rendered":"\n<p>El mercado laboral chileno ha dado un paso decisivo hacia la modernizaci\u00f3n con la entrada en vigencia de un nuevo tramo de la normativa de reducci\u00f3n de jornada. Desde el pasado domingo, miles de personas contratadas bajo el C\u00f3digo del Trabajo han visto disminuida su carga horaria semanal en 120 minutos, gracias a la ley de las 40 horas.<\/p>\n\n\n\n<p>Esta modificaci\u00f3n forma parte de una estrategia gradual que busca equilibrar la productividad con el bienestar personal de los equipos humanos.<\/p>\n\n\n\n<p>La implementaci\u00f3n de estas medidas responde a una demanda hist\u00f3rica por mejorar la calidad de vida sin comprometer la estabilidad econ\u00f3mica. El proceso de adaptaci\u00f3n requiere que tanto empleadores como empleados revisen sus contratos y planifiquen la nueva distribuci\u00f3n del tiempo.<\/p>\n\n\n\n<p>El \u00e9xito de esta transici\u00f3n depende de la capacidad de di\u00e1logo dentro de las organizaciones para cumplir con los est\u00e1ndares legales establecidos.<\/p>\n\n\n\n<h2 class=\"wp-block-heading\">Reglas de aplicaci\u00f3n ley de las 40 horas y prohibici\u00f3n de fragmentaci\u00f3n<\/h2>\n\n\n\n<p>La normativa es clara al se\u00f1alar que la rebaja del tiempo laboral debe ser real y efectiva, evitando la divisi\u00f3n del tiempo en breves minutos diarios. En reg\u00edmenes de cinco d\u00edas, el empleador debe restar una hora completa al finalizar el turno en dos jornadas distintas de la semana.<\/p>\n\n\n\n<p>Para aquellos que cumplen funciones durante seis d\u00edas, la ley exige recortar cincuenta minutos en dos jornadas y los veinte restantes en una tercera.<\/p>\n\n\n\n<h4 class=\"wp-block-heading\"><strong>[Te puede interesar] <a href=\"https:\/\/www.lahora.cl\/tendencias\/jornada-laboral-de-40-horas-semanales-entra-en-vigor-en-chile-y-trabajadores-sienten-el-cambio-ya-esta-semana\/\" target=\"_blank\" rel=\"noopener\">Jornada laboral de 40 horas semanales entra en vigor en Chile y trabajadores sienten el cambio ya esta semana<\/a><\/strong><\/h4>\n\n\n\n<p>Si no existe un acuerdo previo entre las partes, la Direcci\u00f3n del Trabajo obliga a que la reducci\u00f3n se aplique \u00edntegramente al t\u00e9rmino de la jornada. Existen f\u00f3rmulas flexibles que permiten salir antes ciertos d\u00edas, siempre que estas se ajusten al esp\u00edritu de la ley y no afecten el descanso.<\/p>\n\n\n\n<p>Las empresas que deseen adelantarse al calendario oficial ya pueden implementar la jornada definitiva, permitiendo incluso el sistema de cuatro d\u00edas laborales y tres de descanso.<\/p>\n\n\n\n<h2 class=\"wp-block-heading\">Protecci\u00f3n del salario y compensaci\u00f3n de horas extra<\/h2>\n\n\n\n<p>Una de las mayores preocupaciones de la poblaci\u00f3n ha sido el impacto en los ingresos, pero la autoridad ha sido tajante al respecto. Bajo ninguna circunstancia la reducci\u00f3n de horas semanales puede justificar una disminuci\u00f3n en las remuneraciones pactadas originalmente.<\/p>\n\n\n\n<p>En cuanto al tiempo adicional, las horas extraordinarias mantienen su recargo del 50% sobre el valor del salario habitual seg\u00fan la normativa vigente.<\/p>\n\n\n\n<h4 class=\"wp-block-heading\"><strong>[Lee tambi\u00e9n] <a href=\"https:\/\/www.lahora.cl\/tendencias\/gobierno-extiende-el-feriado-del-dia-internacional-de-los-trabajadores-y-el-fin-de-semana-sera-largo-en-todo-el-pais\/\" target=\"_blank\" rel=\"noopener\">Gobierno extiende el feriado del D\u00eda Internacional de los Trabajadores y el fin de semana ser\u00e1 largo en todo el pa\u00eds<\/a><\/strong><\/h4>\n\n\n\n<p>La nueva ley introduce adem\u00e1s la opci\u00f3n de compensar el tiempo extra con hasta cinco d\u00edas h\u00e1biles de descanso adicional al a\u00f1o, previo acuerdo escrito. Es importante recordar que el tiempo destinado a la colaci\u00f3n no sufre modificaciones y sigue sin formar parte de la jornada laboral legal.<\/p>\n\n\n\n<p>Quienes detecten incumplimientos en estas nuevas directrices pueden realizar sus denuncias directamente ante la Direcci\u00f3n del Trabajo para evitar vulneraciones.<\/p>\n","protected":false},"excerpt":{"rendered":"<p>El mercado laboral chileno ha dado un paso decisivo hacia la modernizaci\u00f3n con la entrada en vigencia de un nuevo tramo de la normativa de reducci\u00f3n de jornada. Desde el pasado domingo, miles de personas contratadas bajo el C\u00f3digo del Trabajo han visto disminuida su carga horaria semanal en 120 minutos, gracias a la ley [&hellip;]<\/p>\n","protected":false},"author":2,"featured_media":3882,"comment_status":"open","ping_status":"open","sticky":false,"template":"","format":"standard","meta":{"jnews-multi-image_gallery":[],"jnews_single_post":{"format":"standard"},"jnews_primary_category":[],"jnews_social_meta":[],"jnews_post_split":[],"footnotes":""},"categories":[1],"tags":[1069,207,294],"class_list":["post-3881","post","type-post","status-publish","format-standard","has-post-thumbnail","hentry","category-uncategorized","tag-40-horas","tag-jornada-laboral","tag-ley"],"_links":{"self":[{"href":"https:\/\/lahoratendencias.audiencelabs.com.br\/wp-json\/wp\/v2\/posts\/3881","targetHints":{"allow":["GET"]}}],"collection":[{"href":"https:\/\/lahoratendencias.audiencelabs.com.br\/wp-json\/wp\/v2\/posts"}],"about":[{"href":"https:\/\/lahoratendencias.audiencelabs.com.br\/wp-json\/wp\/v2\/types\/post"}],"author":[{"embeddable":true,"href":"https:\/\/lahoratendencias.audiencelabs.com.br\/wp-json\/wp\/v2\/users\/2"}],"replies":[{"embeddable":true,"href":"https:\/\/lahoratendencias.audiencelabs.com.br\/wp-json\/wp\/v2\/comments?post=3881"}],"version-history":[{"count":1,"href":"https:\/\/lahoratendencias.audiencelabs.com.br\/wp-json\/wp\/v2\/posts\/3881\/revisions"}],"predecessor-version":[{"id":3883,"href":"https:\/\/lahoratendencias.audiencelabs.com.br\/wp-json\/wp\/v2\/posts\/3881\/revisions\/3883"}],"wp:featuredmedia":[{"embeddable":true,"href":"https:\/\/lahoratendencias.audiencelabs.com.br\/wp-json\/wp\/v2\/media\/3882"}],"wp:attachment":[{"href":"https:\/\/lahoratendencias.audiencelabs.com.br\/wp-json\/wp\/v2\/media?parent=3881"}],"wp:term":[{"taxonomy":"category","embeddable":true,"href":"https:\/\/lahoratendencias.audiencelabs.com.br\/wp-json\/wp\/v2\/categories?post=3881"},{"taxonomy":"post_tag","embeddable":true,"href":"https:\/\/lahoratendencias.audiencelabs.com.br\/wp-json\/wp\/v2\/tags?post=3881"}],"curies":[{"name":"wp","href":"https:\/\/api.w.org\/{rel}","templated":true}]}}