{"id":3870,"date":"2026-04-28T10:55:37","date_gmt":"2026-04-28T14:55:37","guid":{"rendered":"https:\/\/lahoratendencias.audiencelabs.com.br\/?p=3870"},"modified":"2026-04-28T11:41:57","modified_gmt":"2026-04-28T15:41:57","slug":"este-dia-ocurrira-el-eclipse-solar-mas-largo-del-siglo-y-no-se-repetira-en-mas-de-157-anos","status":"publish","type":"post","link":"https:\/\/lahoratendencias.audiencelabs.com.br\/este-dia-ocurrira-el-eclipse-solar-mas-largo-del-siglo-y-no-se-repetira-en-mas-de-157-anos\/","title":{"rendered":"Este d\u00eda ocurrir\u00e1 el eclipse solar m\u00e1s largo del siglo y no se repetir\u00e1 en m\u00e1s de 157 a\u00f1os"},"content":{"rendered":"\n<p>El cosmos se prepara para desplegar un espect\u00e1culo de sombras y luces que desaf\u00eda la comprensi\u00f3n humana por su magnitud y rareza. La astronom\u00eda moderna ha confirmado la llegada del eclipse solar m\u00e1s largo del siglo, un evento donde la Luna ocultar\u00e1 el disco solar con una precisi\u00f3n milim\u00e9trica.<\/p>\n\n\n\n<p>Este fen\u00f3meno transformar\u00e1 el mediod\u00eda en una noche profunda durante varios minutos, alterando el comportamiento de la fauna y descendiendo la temperatura ambiental.<\/p>\n\n\n\n<p>La excepcionalidad de este encuentro celeste radica en su duraci\u00f3n, superando con creces la media de los eclipses totales registrados en las \u00faltimas d\u00e9cadas. Observar la corona solar a simple vista ser\u00e1 posible \u00fanicamente en los breves instantes de oscuridad total, revelando la atm\u00f3sfera externa de nuestra estrella.<\/p>\n\n\n\n<p>Generaciones enteras de entusiastas y cient\u00edficos aguardan este momento, conscientes de que un evento de tal duraci\u00f3n no volver\u00e1 a ocurrir en m\u00e1s de 157 a\u00f1os.<\/p>\n\n\n\n<h2 class=\"wp-block-heading\">Perlas de Baily y el anillo de diamante en el cielo<\/h2>\n\n\n\n<p>Durante la fase de aproximaci\u00f3n a la totalidad, los observadores podr\u00e1n ser testigos de las famosas Perlas de Baily en el borde del disco lunar. Este efecto visual se produce cuando los \u00faltimos rayos de sol atraviesan los valles y cr\u00e1teres profundos del relieve de la Luna, creando puntos de luz brillantes.<\/p>\n\n\n\n<p>Inmediatamente despu\u00e9s, el cielo presentar\u00e1 el anillo de diamante, un destello \u00fanico donde un solo punto de luz resplandece junto a la silueta oscura.<\/p>\n\n\n\n<h4 class=\"wp-block-heading\"><strong>[Te puede interesar] <a href=\"https:\/\/www.lahora.cl\/tendencias\/cientificos-japoneses-quieren-construir-un-anillo-lunar-de-11-000-km-que-podria-cambiar-la-historia-de-la-humanidad\/\" target=\"_blank\" rel=\"noopener\">Cient\u00edficos japoneses quieren construir un anillo lunar de 11.000 km que podr\u00eda cambiar la historia de la humanidad<\/a><\/strong><\/h4>\n\n\n\n<p>La franja de visibilidad total cruzar\u00e1 puntos estrat\u00e9gicos como Islandia, Groenlandia y gran parte de la pen\u00ednsula ib\u00e9rica, atrayendo a miles de turistas astron\u00f3micos. En ciudades como \u00c1lava, la oscuridad ser\u00e1 tan intensa que los planetas y las estrellas m\u00e1s brillantes se volver\u00e1n visibles en pleno horario diurno.<\/p>\n\n\n\n<p>La totalidad m\u00e1xima se alcanzar\u00e1 en el norte de \u00c1frica, donde el Sol permanecer\u00e1 oculto por m\u00e1s de seis minutos, un r\u00e9cord absoluto para este siglo.<\/p>\n\n\n\n<h2 class=\"wp-block-heading\">Seguridad ocular y el calendario de futuros eventos<\/h2>\n\n\n\n<p>La observaci\u00f3n de este fen\u00f3meno requiere una planificaci\u00f3n rigurosa y el uso obligatorio de gafas homologadas con filtros solares certificados. Mirar directamente al Sol, incluso durante las fases parciales, puede causar da\u00f1os irreversibles en la retina debido a la intensidad de la radiaci\u00f3n ultravioleta.<\/p>\n\n\n\n<p>El eclipse total del 2 de agosto de 2027 se perfila como el portal energ\u00e9tico y cient\u00edfico m\u00e1s importante para la comunidad astron\u00f3mica mundial.<\/p>\n\n\n\n<h4 class=\"wp-block-heading\"><strong>[Lee tambi\u00e9n] <a href=\"https:\/\/www.lahora.cl\/tendencias\/la-oscuridad-del-universo-no-se-debe-a-la-falta-de-estrellas-sino-a-un-fenomeno-mucho-mas-complejo\/\" target=\"_blank\" rel=\"noopener\">La oscuridad del universo no se debe a la falta de estrellas, sino a un fen\u00f3meno mucho m\u00e1s complejo<\/a><\/strong><\/h4>\n\n\n\n<p>Tras este evento, el calendario se\u00f1ala un eclipse parcial para enero de 2028, aunque carecer\u00e1 de la m\u00edstica y la duraci\u00f3n del gran encuentro de 2027. La preparaci\u00f3n de las ciudades dentro de la franja de totalidad ya ha comenzado, ante la llegada masiva de telescopios y equipos de fotograf\u00eda avanzada.<\/p>\n\n\n\n<p>Vivir la experiencia de un sol negro es un recordatorio de la danza eterna de los cuerpos celestes y de nuestra peque\u00f1a posici\u00f3n en el vasto universo.<\/p>\n","protected":false},"excerpt":{"rendered":"<p>El cosmos se prepara para desplegar un espect\u00e1culo de sombras y luces que desaf\u00eda la comprensi\u00f3n humana por su magnitud y rareza. La astronom\u00eda moderna ha confirmado la llegada del eclipse solar m\u00e1s largo del siglo, un evento donde la Luna ocultar\u00e1 el disco solar con una precisi\u00f3n milim\u00e9trica. Este fen\u00f3meno transformar\u00e1 el mediod\u00eda en [&hellip;]<\/p>\n","protected":false},"author":2,"featured_media":3871,"comment_status":"open","ping_status":"open","sticky":false,"template":"","format":"standard","meta":{"jnews-multi-image_gallery":[],"jnews_single_post":{"format":"standard"},"jnews_primary_category":[],"jnews_social_meta":[],"jnews_post_split":[],"footnotes":""},"categories":[1],"tags":[279,602,1736,191],"class_list":["post-3870","post","type-post","status-publish","format-standard","has-post-thumbnail","hentry","category-uncategorized","tag-eclipse","tag-espacio","tag-solar","tag-universo"],"_links":{"self":[{"href":"https:\/\/lahoratendencias.audiencelabs.com.br\/wp-json\/wp\/v2\/posts\/3870","targetHints":{"allow":["GET"]}}],"collection":[{"href":"https:\/\/lahoratendencias.audiencelabs.com.br\/wp-json\/wp\/v2\/posts"}],"about":[{"href":"https:\/\/lahoratendencias.audiencelabs.com.br\/wp-json\/wp\/v2\/types\/post"}],"author":[{"embeddable":true,"href":"https:\/\/lahoratendencias.audiencelabs.com.br\/wp-json\/wp\/v2\/users\/2"}],"replies":[{"embeddable":true,"href":"https:\/\/lahoratendencias.audiencelabs.com.br\/wp-json\/wp\/v2\/comments?post=3870"}],"version-history":[{"count":1,"href":"https:\/\/lahoratendencias.audiencelabs.com.br\/wp-json\/wp\/v2\/posts\/3870\/revisions"}],"predecessor-version":[{"id":3872,"href":"https:\/\/lahoratendencias.audiencelabs.com.br\/wp-json\/wp\/v2\/posts\/3870\/revisions\/3872"}],"wp:featuredmedia":[{"embeddable":true,"href":"https:\/\/lahoratendencias.audiencelabs.com.br\/wp-json\/wp\/v2\/media\/3871"}],"wp:attachment":[{"href":"https:\/\/lahoratendencias.audiencelabs.com.br\/wp-json\/wp\/v2\/media?parent=3870"}],"wp:term":[{"taxonomy":"category","embeddable":true,"href":"https:\/\/lahoratendencias.audiencelabs.com.br\/wp-json\/wp\/v2\/categories?post=3870"},{"taxonomy":"post_tag","embeddable":true,"href":"https:\/\/lahoratendencias.audiencelabs.com.br\/wp-json\/wp\/v2\/tags?post=3870"}],"curies":[{"name":"wp","href":"https:\/\/api.w.org\/{rel}","templated":true}]}}