{"id":3851,"date":"2026-04-27T16:08:00","date_gmt":"2026-04-27T20:08:00","guid":{"rendered":"https:\/\/lahoratendencias.audiencelabs.com.br\/?p=3851"},"modified":"2026-04-27T15:45:38","modified_gmt":"2026-04-27T19:45:38","slug":"autoridades-emiten-alerta-general-para-las-personas-en-chile-que-viajan-en-micro","status":"publish","type":"post","link":"https:\/\/lahoratendencias.audiencelabs.com.br\/autoridades-emiten-alerta-general-para-las-personas-en-chile-que-viajan-en-micro\/","title":{"rendered":"Autoridades emiten alerta general para las personas en Chile que viajan en micro"},"content":{"rendered":"\n<p>La movilidad en el Gran Valpara\u00edso enfrenta un escenario cr\u00edtico que promete alterar el retorno a casa de miles de usuarios que viajan en micro durante la jornada de este lunes. El gremio del transporte p\u00fablico ha ratificado una paralizaci\u00f3n de actividades que afectar\u00e1 directamente la conectividad entre las provincias de Marga Marga y Valpara\u00edso.<\/p>\n\n\n\n<p>Esta dr\u00e1stica determinaci\u00f3n surge tras el quiebre de las conversaciones con las autoridades regionales respecto a millonarias deudas por conceptos de subsidios estatales.<\/p>\n\n\n\n<p>La falta de respuestas concretas ha empujado a los conductores y due\u00f1os de m\u00e1quinas a suspender las operaciones en recorridos estrat\u00e9gicos para la regi\u00f3n. El impacto se sentir\u00e1 con especial fuerza en los tramos que conectan el sector de Pe\u00f1ablanca con las comunas de Vi\u00f1a del Mar, Conc\u00f3n y la ciudad puerto.<\/p>\n\n\n\n<p>Ante la inmediatez de la medida, se proyecta un colapso en los paraderos y una alta demanda sobre los sistemas alternativos de transporte local.<\/p>\n\n\n\n<h2 class=\"wp-block-heading\">Deuda millonaria y demandas del gremio de transporte<\/h2>\n\n\n\n<p>La Confederaci\u00f3n de Transporte Terrestre del Gran Valpara\u00edso reclama el pago de aproximadamente $20 mil millones por subsidios pendientes de cancelaci\u00f3n. Este monto involucra deudas asociadas a la Tarjeta Nacional Estudiantil, el congelamiento de las tarifas al usuario y el alza sostenida en el precio del di\u00e9sel.<\/p>\n\n\n\n<p>Los dirigentes han se\u00f1alado que la inacci\u00f3n de la Seremi de Transportes ha vuelto insostenible la operaci\u00f3n financiera de las l\u00edneas que reemplazaron a la antigua empresa Fenur.<\/p>\n\n\n\n<h4 class=\"wp-block-heading\"><strong>[Lee tambi\u00e9n] <a href=\"https:\/\/www.lahora.cl\/tendencias\/pasaporte-sera-bloqueado-al-entrar-o-salir-de-estados-unidos-si-tiene-esta-simple-marca\/\" target=\"_blank\" rel=\"noopener\">Pasaporte ser\u00e1 bloqueado al entrar o salir de Estados Unidos si tiene esta simple marca<\/a><\/strong><\/h4>\n\n\n\n<p>La movilizaci\u00f3n ha sido programada para iniciarse a partir de las 17:00 horas, coincidiendo con el horario de mayor flujo de pasajeros en la zona. Todas las unidades de las l\u00edneas afectadas se han adherido al llamado, lo que implica una suspensi\u00f3n total de los servicios en los recorridos troncales.<\/p>\n\n\n\n<p>El gremio advierte que la paralizaci\u00f3n se mantendr\u00e1 de forma indefinida hasta que se presente un compromiso de pago real y verificable por parte del Ejecutivo.<\/p>\n\n\n\n<h2 class=\"wp-block-heading\">Medidas de mitigaci\u00f3n y la respuesta de las autoridades<\/h2>\n\n\n\n<p>La Seremi de Transportes y Telecomunicaciones de Valpara\u00edso ha indicado que se encuentra analizando la situaci\u00f3n para buscar una salida al conflicto de \u00faltima hora. Sin embargo, hasta el momento no se han anunciado planes de contingencia oficiales o refuerzos mediante otros servicios como el sistema ferroviario de la zona.<\/p>\n\n\n\n<p>Desde la dirigencia del transporte se recomienda a la poblaci\u00f3n planificar sus traslados con suma antelaci\u00f3n para mitigar los efectos del desabastecimiento de microbuses.<\/p>\n\n\n\n<h4 class=\"wp-block-heading\"><strong>[Te puede interesar] <a href=\"https:\/\/www.lahora.cl\/tendencias\/el-sol-desaparecera-y-la-tierra-se-oscurecera-en-el-eclipse-solar-mas-largo-del-siglo\/\" target=\"_blank\" rel=\"noopener\">El sol desaparecer\u00e1 y la Tierra se oscurecer\u00e1 en el eclipse solar m\u00e1s largo del siglo<\/a><\/strong><\/h4>\n\n\n\n<p>Se espera que la congesti\u00f3n vehicular aumente considerablemente en las v\u00edas principales debido al uso intensivo de veh\u00edculos particulares y servicios de aplicaciones. El comercio y los centros educativos de la provincia de Marga Marga monitorean la situaci\u00f3n ante la posible imposibilidad de sus trabajadores y alumnos para movilizarse.<\/p>\n\n\n\n<p>La resoluci\u00f3n de este conflicto depender\u00e1 de la capacidad de negociaci\u00f3n entre las partes en un contexto de alta sensibilidad social y econ\u00f3mica para el transporte regional.<\/p>\n","protected":false},"excerpt":{"rendered":"<p>La movilidad en el Gran Valpara\u00edso enfrenta un escenario cr\u00edtico que promete alterar el retorno a casa de miles de usuarios que viajan en micro durante la jornada de este lunes. El gremio del transporte p\u00fablico ha ratificado una paralizaci\u00f3n de actividades que afectar\u00e1 directamente la conectividad entre las provincias de Marga Marga y Valpara\u00edso. [&hellip;]<\/p>\n","protected":false},"author":2,"featured_media":3852,"comment_status":"open","ping_status":"open","sticky":false,"template":"","format":"standard","meta":{"jnews-multi-image_gallery":[],"jnews_single_post":{"format":"standard"},"jnews_primary_category":[],"jnews_social_meta":[],"jnews_post_split":[],"footnotes":""},"categories":[1],"tags":[366,1728,241,1729],"class_list":["post-3851","post","type-post","status-publish","format-standard","has-post-thumbnail","hentry","category-uncategorized","tag-buses","tag-micro","tag-transporte","tag-viaje"],"_links":{"self":[{"href":"https:\/\/lahoratendencias.audiencelabs.com.br\/wp-json\/wp\/v2\/posts\/3851","targetHints":{"allow":["GET"]}}],"collection":[{"href":"https:\/\/lahoratendencias.audiencelabs.com.br\/wp-json\/wp\/v2\/posts"}],"about":[{"href":"https:\/\/lahoratendencias.audiencelabs.com.br\/wp-json\/wp\/v2\/types\/post"}],"author":[{"embeddable":true,"href":"https:\/\/lahoratendencias.audiencelabs.com.br\/wp-json\/wp\/v2\/users\/2"}],"replies":[{"embeddable":true,"href":"https:\/\/lahoratendencias.audiencelabs.com.br\/wp-json\/wp\/v2\/comments?post=3851"}],"version-history":[{"count":1,"href":"https:\/\/lahoratendencias.audiencelabs.com.br\/wp-json\/wp\/v2\/posts\/3851\/revisions"}],"predecessor-version":[{"id":3853,"href":"https:\/\/lahoratendencias.audiencelabs.com.br\/wp-json\/wp\/v2\/posts\/3851\/revisions\/3853"}],"wp:featuredmedia":[{"embeddable":true,"href":"https:\/\/lahoratendencias.audiencelabs.com.br\/wp-json\/wp\/v2\/media\/3852"}],"wp:attachment":[{"href":"https:\/\/lahoratendencias.audiencelabs.com.br\/wp-json\/wp\/v2\/media?parent=3851"}],"wp:term":[{"taxonomy":"category","embeddable":true,"href":"https:\/\/lahoratendencias.audiencelabs.com.br\/wp-json\/wp\/v2\/categories?post=3851"},{"taxonomy":"post_tag","embeddable":true,"href":"https:\/\/lahoratendencias.audiencelabs.com.br\/wp-json\/wp\/v2\/tags?post=3851"}],"curies":[{"name":"wp","href":"https:\/\/api.w.org\/{rel}","templated":true}]}}