{"id":3848,"date":"2026-04-27T17:16:00","date_gmt":"2026-04-27T21:16:00","guid":{"rendered":"https:\/\/lahoratendencias.audiencelabs.com.br\/?p=3848"},"modified":"2026-04-27T15:45:10","modified_gmt":"2026-04-27T19:45:10","slug":"por-que-no-deberias-tomar-desayuno-frente-al-computador","status":"publish","type":"post","link":"https:\/\/lahoratendencias.audiencelabs.com.br\/por-que-no-deberias-tomar-desayuno-frente-al-computador\/","title":{"rendered":"Por qu\u00e9 no deber\u00edas tomar desayuno frente al computador"},"content":{"rendered":"\n<p>La rutina de postergar la primera comida del d\u00eda para consumirla frente al computador se ha convertido en una pr\u00e1ctica normalizada que compromete el rendimiento profesional. El h\u00e1bito tomar desayuno en la oficina suele estar motivado por traslados extensos y agendas apretadas, pero sus consecuencias van m\u00e1s all\u00e1 de una simple distracci\u00f3n.<\/p>\n\n\n\n<p>Expertos en nutrici\u00f3n advierten que esta ingesta debe reponer la energ\u00eda tras el ayuno nocturno, aportando hasta un 25% de los requerimientos diarios.<\/p>\n\n\n\n<p>Cuando este proceso se realiza de forma apresurada, el organismo no recibe los nutrientes necesarios para mantener las funciones cognitivas en niveles \u00f3ptimos. La falta de planificaci\u00f3n conduce inevitablemente a decisiones alimenticias pobres que impactan en la salud metab\u00f3lica y el estado de \u00e1nimo.<\/p>\n\n\n\n<p>Romper con esta inercia requiere entender que el cerebro depende directamente de una fuente de energ\u00eda estable para procesar informaci\u00f3n y tomar decisiones.<\/p>\n\n\n\n<h2 class=\"wp-block-heading\">El impacto cognitivo y la trampa de los ultraprocesados<\/h2>\n\n\n\n<p>La disminuci\u00f3n de la concentraci\u00f3n, la atenci\u00f3n y la memoria son los primeros efectos visibles de un desayuno insuficiente o mal balanceado. Al desayunar en el lugar de trabajo, la tendencia es optar por productos de r\u00e1pida adquisici\u00f3n que suelen ser ultraprocesados y carentes de fibra.<\/p>\n\n\n\n<p>Estos alimentos, cargados de az\u00facares simples y grasas saturadas, generan respuestas glic\u00e9micas elevadas que alteran la regulaci\u00f3n del apetito y la saciedad.<\/p>\n\n\n\n<h4 class=\"wp-block-heading\"><strong>[Te puede interesar] <a href=\"https:\/\/www.lahora.cl\/tendencias\/pan-de-batidora-sin-harina-de-trigo-y-sin-gluten-con-esta-receta-nunca-mas-te-sentiras-hinchada-despues-del-desayuno\/\" target=\"_blank\" rel=\"noopener\">Pan de batidora sin harina de trigo y sin gluten: Con esta receta nunca m\u00e1s te sentir\u00e1s hinchada despu\u00e9s del desayuno<\/a><\/strong><\/h4>\n\n\n\n<p>El cerebro, que utiliza la glucosa como combustible principal, sufre altibajos energ\u00e9ticos que derivan en fatiga prematura y dificultades en la funci\u00f3n ejecutiva. A largo plazo, este patr\u00f3n alimentario eleva el riesgo de desarrollar enfermedades cardiovasculares y contribuye a un aumento de peso no deseado.<\/p>\n\n\n\n<p>Adem\u00e1s, la matriz modificada de estos productos afecta la microbiota intestinal, vincul\u00e1ndose con un incremento en los niveles de ansiedad y alteraciones del \u00e1nimo.<\/p>\n\n\n\n<h2 class=\"wp-block-heading\">Planificaci\u00f3n y organizaci\u00f3n para una jornada productiva<\/h2>\n\n\n\n<p>La clave para revertir este peligroso h\u00e1bito reside en la organizaci\u00f3n de la rutina diaria para reservar un espacio de tranquilidad antes de iniciar las tareas. Fomentar un ambiente pausado durante la ingesta mejora significativamente la calidad de los nutrientes absorbidos y la relaci\u00f3n con la comida.<\/p>\n\n\n\n<p>Cuando el tiempo es limitado, la preparaci\u00f3n anticipada de alternativas naturales se vuelve la herramienta m\u00e1s efectiva para evitar el ayuno prolongado.<\/p>\n\n\n\n<h4 class=\"wp-block-heading\"><strong>[Lee tambi\u00e9n] <a href=\"https:\/\/www.lahora.cl\/tendencias\/regla-de-la-ducha-de-3-min\/\" target=\"_blank\" rel=\"noopener\">\u00bfQu\u00e9 es la regla de la ducha de 3 minutos y si los m\u00e9dicos la recomiendan?<\/a><\/strong><\/h4>\n\n\n\n<p>Optar por l\u00e1cteos descremados, productos integrales, frutas frescas y semillas permite asegurar un aporte equilibrado de vitaminas y minerales esenciales. Estas elecciones estrat\u00e9gicas no solo protegen el coraz\u00f3n, sino que act\u00faan como un motor de rendimiento para enfrentar las exigencias del d\u00eda laboral.<\/p>\n\n\n\n<p>Un buen desayuno, planificado y consciente, marca la diferencia entre una ma\u00f1ana de dispersi\u00f3n y una jornada de alta eficiencia y bienestar integral.<\/p>\n","protected":false},"excerpt":{"rendered":"<p>La rutina de postergar la primera comida del d\u00eda para consumirla frente al computador se ha convertido en una pr\u00e1ctica normalizada que compromete el rendimiento profesional. El h\u00e1bito tomar desayuno en la oficina suele estar motivado por traslados extensos y agendas apretadas, pero sus consecuencias van m\u00e1s all\u00e1 de una simple distracci\u00f3n. Expertos en nutrici\u00f3n [&hellip;]<\/p>\n","protected":false},"author":2,"featured_media":3849,"comment_status":"open","ping_status":"open","sticky":false,"template":"","format":"standard","meta":{"jnews-multi-image_gallery":[],"jnews_single_post":{"format":"standard"},"jnews_primary_category":[],"jnews_social_meta":[],"jnews_post_split":[],"footnotes":""},"categories":[1],"tags":[1726,1666,1727],"class_list":["post-3848","post","type-post","status-publish","format-standard","has-post-thumbnail","hentry","category-uncategorized","tag-desayuno","tag-habitos","tag-oficina"],"_links":{"self":[{"href":"https:\/\/lahoratendencias.audiencelabs.com.br\/wp-json\/wp\/v2\/posts\/3848","targetHints":{"allow":["GET"]}}],"collection":[{"href":"https:\/\/lahoratendencias.audiencelabs.com.br\/wp-json\/wp\/v2\/posts"}],"about":[{"href":"https:\/\/lahoratendencias.audiencelabs.com.br\/wp-json\/wp\/v2\/types\/post"}],"author":[{"embeddable":true,"href":"https:\/\/lahoratendencias.audiencelabs.com.br\/wp-json\/wp\/v2\/users\/2"}],"replies":[{"embeddable":true,"href":"https:\/\/lahoratendencias.audiencelabs.com.br\/wp-json\/wp\/v2\/comments?post=3848"}],"version-history":[{"count":1,"href":"https:\/\/lahoratendencias.audiencelabs.com.br\/wp-json\/wp\/v2\/posts\/3848\/revisions"}],"predecessor-version":[{"id":3850,"href":"https:\/\/lahoratendencias.audiencelabs.com.br\/wp-json\/wp\/v2\/posts\/3848\/revisions\/3850"}],"wp:featuredmedia":[{"embeddable":true,"href":"https:\/\/lahoratendencias.audiencelabs.com.br\/wp-json\/wp\/v2\/media\/3849"}],"wp:attachment":[{"href":"https:\/\/lahoratendencias.audiencelabs.com.br\/wp-json\/wp\/v2\/media?parent=3848"}],"wp:term":[{"taxonomy":"category","embeddable":true,"href":"https:\/\/lahoratendencias.audiencelabs.com.br\/wp-json\/wp\/v2\/categories?post=3848"},{"taxonomy":"post_tag","embeddable":true,"href":"https:\/\/lahoratendencias.audiencelabs.com.br\/wp-json\/wp\/v2\/tags?post=3848"}],"curies":[{"name":"wp","href":"https:\/\/api.w.org\/{rel}","templated":true}]}}