{"id":3845,"date":"2026-04-27T15:15:00","date_gmt":"2026-04-27T19:15:00","guid":{"rendered":"https:\/\/lahoratendencias.audiencelabs.com.br\/?p=3845"},"modified":"2026-04-27T13:52:05","modified_gmt":"2026-04-27T17:52:05","slug":"brasil-confirma-el-regreso-de-unas-de-sus-estrellas-del-futbol-para-el-mundial-2026","status":"publish","type":"post","link":"https:\/\/lahoratendencias.audiencelabs.com.br\/brasil-confirma-el-regreso-de-unas-de-sus-estrellas-del-futbol-para-el-mundial-2026\/","title":{"rendered":"Brasil confirma el regreso de unas de sus estrellas del f\u00fatbol para el Mundial 2026"},"content":{"rendered":"\n<p>La planificaci\u00f3n de la selecci\u00f3n brasile\u00f1a para la cita mundialista de 2026 ha recibido un impulso vital con la confirmaci\u00f3n del regreso de una de sus estrellas del f\u00fatbol. Carlo Ancelotti observa con alivio c\u00f3mo el panorama de lesiones comienza a despejarse en el momento m\u00e1s cr\u00edtico de la temporada europea.<\/p>\n\n\n\n<p>El retorno de un jugador con jerarqu\u00eda de multicampe\u00f3n supone un alivio para un cuerpo t\u00e9cnico que ha lidiado con ausencias constantes en los \u00faltimos meses.<\/p>\n\n\n\n<p>Con el anuncio de la lista definitiva a la vuelta de la esquina, contar con figuras en plenitud f\u00edsica es la prioridad absoluta para la Confederaci\u00f3n Brasile\u00f1a de F\u00fatbol. La recuperaci\u00f3n de efectivos clave en clubes de \u00e9lite permite que el seleccionador italiano proyecte un esquema t\u00e1ctico mucho m\u00e1s ambicioso.<\/p>\n\n\n\n<p>Este refuerzo llega justo a tiempo para afrontar los compromisos amistosos previos al torneo m\u00e1s importante del planeta.<\/p>\n\n\n\n<h2 class=\"wp-block-heading\">El regreso de Raphinha y la recta final con el Barcelona<\/h2>\n\n\n\n<p>Raphinha se reincorpora esta semana a los entrenamientos grupales bajo las \u00f3rdenes de Hansi Flick tras superar una lesi\u00f3n en el isquiotibial derecho. El atacante brasile\u00f1o ha sido una pieza fundamental en el esquema del club catal\u00e1n, que busca asegurar su segundo t\u00edtulo consecutivo de La Liga.<\/p>\n\n\n\n<p>Su disponibilidad para el cl\u00e1sico contra el Real Madrid el 10 de mayo es una noticia que resuena con fuerza en los pasillos de la selecci\u00f3n.<\/p>\n\n\n\n<h4 class=\"wp-block-heading\"><strong>[Te puede interesar] <a href=\"https:\/\/www.lahora.cl\/tendencias\/lionel-messi-firma-contrato-y-regresa-al-futbol-espanol\/\" target=\"_blank\" rel=\"noopener\">Lionel Messi firma contrato y regresa al f\u00fatbol espa\u00f1ol<\/a><\/strong><\/h4>\n\n\n\n<p>Ancelotti valora especialmente la capacidad de desequilibrio y el sacrificio defensivo que el n\u00famero 11 aporta en el carril exterior. Tener ritmo de competencia en los \u00faltimos cinco partidos de la liga espa\u00f1ola ser\u00e1 crucial para que el jugador llegue con el tono f\u00edsico adecuado al Mundial.<\/p>\n\n\n\n<p>La presencia de Raphinha en la lista del 18 de mayo parece indiscutible, consolid\u00e1ndose como uno de los pilares del ataque junto a las j\u00f3venes promesas.<\/p>\n\n\n\n<h2 class=\"wp-block-heading\">Reconocimiento hist\u00f3rico para Ancelotti en Mil\u00e1n<\/h2>\n\n\n\n<p>Mientras define la estrategia para Brasil, Carlo Ancelotti ha sido honrado por su trayectoria legendaria en el f\u00fatbol europeo. El t\u00e9cnico fue incorporado recientemente al Sal\u00f3n de la Fama del AC Milan, una distinci\u00f3n compartida con figuras de la talla de Kak\u00e1 y Ruud Gullit.<\/p>\n\n\n\n<p>Este reconocimiento, impulsado por la afici\u00f3n y los patrocinadores, destaca su impacto tanto dentro del campo como desde el banquillo rojinegro.<\/p>\n\n\n\n<h4 class=\"wp-block-heading\"><strong>[Lee tambi\u00e9n] <a href=\"https:\/\/www.lahora.cl\/tendencias\/la-fifa-traslada-la-copa-del-mundo-a-brasil-y-los-partidos-se-disputaran-en-10-estadios\/\" target=\"_blank\" rel=\"noopener\">La FIFA traslada la Copa del Mundo a Brasil y los partidos se disputar\u00e1n en 10 estadios<\/a><\/strong><\/h4>\n\n\n\n<p>Con 15 t\u00edtulos ganados en el club italiano, incluyendo cuatro Ligas de Campeones, su experiencia es el principal activo para el sue\u00f1o del hexacampeonato. La mentalidad ganadora de &#8220;Carletto&#8221; es lo que la hinchada brasile\u00f1a espera ver reflejada en el amistoso del 31 de mayo contra Panam\u00e1 en el Maracan\u00e1.<\/p>\n\n\n\n<p>Brasil inicia su concentraci\u00f3n definitiva con la confianza de tener a un estratega laureado y a sus mejores guerreros listos para la batalla.<\/p>\n","protected":false},"excerpt":{"rendered":"<p>La planificaci\u00f3n de la selecci\u00f3n brasile\u00f1a para la cita mundialista de 2026 ha recibido un impulso vital con la confirmaci\u00f3n del regreso de una de sus estrellas del f\u00fatbol. Carlo Ancelotti observa con alivio c\u00f3mo el panorama de lesiones comienza a despejarse en el momento m\u00e1s cr\u00edtico de la temporada europea. El retorno de un [&hellip;]<\/p>\n","protected":false},"author":2,"featured_media":3846,"comment_status":"open","ping_status":"open","sticky":false,"template":"","format":"standard","meta":{"jnews-multi-image_gallery":[],"jnews_single_post":{"format":"standard"},"jnews_primary_category":[],"jnews_social_meta":[],"jnews_post_split":[],"footnotes":""},"categories":[1],"tags":[1724,254,1181,1725],"class_list":["post-3845","post","type-post","status-publish","format-standard","has-post-thumbnail","hentry","category-uncategorized","tag-ancelotti","tag-brasil","tag-mundial-2026","tag-raphinha"],"_links":{"self":[{"href":"https:\/\/lahoratendencias.audiencelabs.com.br\/wp-json\/wp\/v2\/posts\/3845","targetHints":{"allow":["GET"]}}],"collection":[{"href":"https:\/\/lahoratendencias.audiencelabs.com.br\/wp-json\/wp\/v2\/posts"}],"about":[{"href":"https:\/\/lahoratendencias.audiencelabs.com.br\/wp-json\/wp\/v2\/types\/post"}],"author":[{"embeddable":true,"href":"https:\/\/lahoratendencias.audiencelabs.com.br\/wp-json\/wp\/v2\/users\/2"}],"replies":[{"embeddable":true,"href":"https:\/\/lahoratendencias.audiencelabs.com.br\/wp-json\/wp\/v2\/comments?post=3845"}],"version-history":[{"count":1,"href":"https:\/\/lahoratendencias.audiencelabs.com.br\/wp-json\/wp\/v2\/posts\/3845\/revisions"}],"predecessor-version":[{"id":3847,"href":"https:\/\/lahoratendencias.audiencelabs.com.br\/wp-json\/wp\/v2\/posts\/3845\/revisions\/3847"}],"wp:featuredmedia":[{"embeddable":true,"href":"https:\/\/lahoratendencias.audiencelabs.com.br\/wp-json\/wp\/v2\/media\/3846"}],"wp:attachment":[{"href":"https:\/\/lahoratendencias.audiencelabs.com.br\/wp-json\/wp\/v2\/media?parent=3845"}],"wp:term":[{"taxonomy":"category","embeddable":true,"href":"https:\/\/lahoratendencias.audiencelabs.com.br\/wp-json\/wp\/v2\/categories?post=3845"},{"taxonomy":"post_tag","embeddable":true,"href":"https:\/\/lahoratendencias.audiencelabs.com.br\/wp-json\/wp\/v2\/tags?post=3845"}],"curies":[{"name":"wp","href":"https:\/\/api.w.org\/{rel}","templated":true}]}}