{"id":3842,"date":"2026-04-27T14:14:00","date_gmt":"2026-04-27T18:14:00","guid":{"rendered":"https:\/\/lahoratendencias.audiencelabs.com.br\/?p=3842"},"modified":"2026-04-27T13:08:35","modified_gmt":"2026-04-27T17:08:35","slug":"gobierno-confirma-fin-de-beneficios-a-programas-sociales-mal-evaluados","status":"publish","type":"post","link":"https:\/\/lahoratendencias.audiencelabs.com.br\/gobierno-confirma-fin-de-beneficios-a-programas-sociales-mal-evaluados\/","title":{"rendered":"Gobierno confirma fin de beneficios a programas sociales mal evaluados"},"content":{"rendered":"\n<p>La planificaci\u00f3n econ\u00f3mica del pa\u00eds ha entrado en una fase de alta tensi\u00f3n tras la difusi\u00f3n de las directrices fiscales para los pr\u00f3ximos a\u00f1os. El Ministerio de Hacienda busca implementar fin de beneficios que lograr\u00eda cifras hist\u00f3ricas para recuperar la estabilidad de las arcas p\u00fablicas.<\/p>\n\n\n\n<p>Esta medida ha desatado una ola de cr\u00edticas y preocupaciones sobre la continuidad de programas sociales que benefician a millones de ciudadanos.<\/p>\n\n\n\n<p>La controversia se centra en el alcance real de las modificaciones y en la capacidad del Ejecutivo para recortar gastos sin afectar la calidad de vida. Ante la incertidumbre, las autoridades han salido a aclarar los criterios que regir\u00e1n estas decisiones presupuestarias.<\/p>\n\n\n\n<p>La discusi\u00f3n pol\u00edtica promete intensificarse a medida que se acerque la fecha final para la presentaci\u00f3n del erario nacional.<\/p>\n\n\n\n<h2 class=\"wp-block-heading\">Fin de beneficios para dar prioridad en el rendimiento <\/h2>\n\n\n\n<p>El titular de Hacienda, Jorge Quiroz, ha desmentido tajantemente que se vayan a eliminar beneficios cr\u00edticos como la alimentaci\u00f3n escolar o las becas estudiantiles. La estrategia oficial no consiste en un recorte ciego, sino en una intervenci\u00f3n quir\u00fargica sobre aquellas iniciativas que presentan un bajo desempe\u00f1o.<\/p>\n\n\n\n<p>Seg\u00fan las evaluaciones t\u00e9cnicas de la Direcci\u00f3n de Presupuestos, existen 142 programas estatales que requieren ajustes debido a su escasa eficiencia.<\/p>\n\n\n\n<p>El objetivo declarado es optimizar cada peso del contribuyente, redirigiendo recursos de \u00e1reas mal evaluadas hacia necesidades m\u00e1s urgentes y efectivas. Esta postura t\u00e9cnica busca calmar los \u00e1nimos de quienes temen un desmantelamiento de la red de protecci\u00f3n social del Estado.<\/p>\n\n\n\n<p>Sin embargo, el \u00e9xito de esta gesti\u00f3n depender\u00e1 de la transparencia con la que se apliquen los criterios de evaluaci\u00f3n sobre cada repartici\u00f3n p\u00fablica.<\/p>\n\n\n\n<h2 class=\"wp-block-heading\">Controversia pol\u00edtica y advertencias por el impacto social<\/h2>\n\n\n\n<p>A pesar de las aclaraciones oficiales, desde distintos sectores de la oposici\u00f3n se han levantado voces de alerta sobre la viabilidad de estos ajustes. Exautoridades y l\u00edderes pol\u00edticos califican la medida como una decisi\u00f3n que podr\u00eda traer consecuencias negativas para las familias m\u00e1s vulnerables.<\/p>\n\n\n\n<p>Las cr\u00edticas apuntan a que es sumamente complejo reducir el gasto en tal magnitud sin que el impacto se sienta en la ejecuci\u00f3n de las pol\u00edticas p\u00fablicas.<\/p>\n\n\n\n<p>Mientras algunos parlamentarios defienden la austeridad como una necesidad para frenar el d\u00e9ficit, otros cuestionan la legitimidad de recortar programas ya consolidados. El debate ha escalado a un nivel de confrontaci\u00f3n que pone a prueba la capacidad de negociaci\u00f3n del Ejecutivo en el Congreso.<\/p>\n\n\n\n<p>En las pr\u00f3ximas semanas, la revisi\u00f3n detallada de cada partida presupuestaria ser\u00e1 el centro de la agenda econ\u00f3mica y pol\u00edtica de la naci\u00f3n.<\/p>\n","protected":false},"excerpt":{"rendered":"<p>La planificaci\u00f3n econ\u00f3mica del pa\u00eds ha entrado en una fase de alta tensi\u00f3n tras la difusi\u00f3n de las directrices fiscales para los pr\u00f3ximos a\u00f1os. El Ministerio de Hacienda busca implementar fin de beneficios que lograr\u00eda cifras hist\u00f3ricas para recuperar la estabilidad de las arcas p\u00fablicas. Esta medida ha desatado una ola de cr\u00edticas y preocupaciones [&hellip;]<\/p>\n","protected":false},"author":2,"featured_media":3843,"comment_status":"open","ping_status":"open","sticky":false,"template":"","format":"standard","meta":{"jnews-multi-image_gallery":[],"jnews_single_post":{"format":"standard"},"jnews_primary_category":[],"jnews_social_meta":[],"jnews_post_split":[],"footnotes":""},"categories":[1],"tags":[328,203,1722,1723],"class_list":["post-3842","post","type-post","status-publish","format-standard","has-post-thumbnail","hentry","category-uncategorized","tag-beneficios","tag-gobierno","tag-hacienda","tag-jorge-quiroz"],"_links":{"self":[{"href":"https:\/\/lahoratendencias.audiencelabs.com.br\/wp-json\/wp\/v2\/posts\/3842","targetHints":{"allow":["GET"]}}],"collection":[{"href":"https:\/\/lahoratendencias.audiencelabs.com.br\/wp-json\/wp\/v2\/posts"}],"about":[{"href":"https:\/\/lahoratendencias.audiencelabs.com.br\/wp-json\/wp\/v2\/types\/post"}],"author":[{"embeddable":true,"href":"https:\/\/lahoratendencias.audiencelabs.com.br\/wp-json\/wp\/v2\/users\/2"}],"replies":[{"embeddable":true,"href":"https:\/\/lahoratendencias.audiencelabs.com.br\/wp-json\/wp\/v2\/comments?post=3842"}],"version-history":[{"count":1,"href":"https:\/\/lahoratendencias.audiencelabs.com.br\/wp-json\/wp\/v2\/posts\/3842\/revisions"}],"predecessor-version":[{"id":3844,"href":"https:\/\/lahoratendencias.audiencelabs.com.br\/wp-json\/wp\/v2\/posts\/3842\/revisions\/3844"}],"wp:featuredmedia":[{"embeddable":true,"href":"https:\/\/lahoratendencias.audiencelabs.com.br\/wp-json\/wp\/v2\/media\/3843"}],"wp:attachment":[{"href":"https:\/\/lahoratendencias.audiencelabs.com.br\/wp-json\/wp\/v2\/media?parent=3842"}],"wp:term":[{"taxonomy":"category","embeddable":true,"href":"https:\/\/lahoratendencias.audiencelabs.com.br\/wp-json\/wp\/v2\/categories?post=3842"},{"taxonomy":"post_tag","embeddable":true,"href":"https:\/\/lahoratendencias.audiencelabs.com.br\/wp-json\/wp\/v2\/tags?post=3842"}],"curies":[{"name":"wp","href":"https:\/\/api.w.org\/{rel}","templated":true}]}}