{"id":3838,"date":"2026-04-27T13:13:00","date_gmt":"2026-04-27T17:13:00","guid":{"rendered":"https:\/\/lahoratendencias.audiencelabs.com.br\/?p=3838"},"modified":"2026-04-27T12:31:12","modified_gmt":"2026-04-27T16:31:12","slug":"medico-senala-a-los-gases-del-intestino-como-un-sintoma-que-algo-no-esta-bien","status":"publish","type":"post","link":"https:\/\/lahoratendencias.audiencelabs.com.br\/medico-senala-a-los-gases-del-intestino-como-un-sintoma-que-algo-no-esta-bien\/","title":{"rendered":"M\u00e9dico se\u00f1ala a los gases del intestino como un s\u00edntoma que algo no est\u00e1 bien"},"content":{"rendered":"\n<p>La presencia constante de aire en el sistema digestivo suele ser ignorada o tratada como una situaci\u00f3n vergonzosa que carece de importancia cl\u00ednica real. El doctor Alexandre Olmos sostiene que los gases son, en realidad, los primeros indicadores de que el equilibrio interno del intestino se ha roto.<\/p>\n\n\n\n<p>Sentirse hinchado de forma permanente no debe considerarse una condici\u00f3n normal ni una consecuencia inevitable del envejecimiento o la alimentaci\u00f3n.<\/p>\n\n\n\n<p>El cuerpo utiliza las flatulencias y la distensi\u00f3n abdominal como un lenguaje temprano para comunicar que los procesos de absorci\u00f3n de nutrientes est\u00e1n fallando. Entender el origen de este malestar es el paso fundamental para evitar que una molestia leve se transforme en una patolog\u00eda cr\u00f3nica dif\u00edcil de revertir.<\/p>\n\n\n\n<p>La salud metab\u00f3lica y los niveles de energ\u00eda diaria dependen directamente de la armon\u00eda que exista en este complejo ecosistema bacteriano.<\/p>\n\n\n\n<h2 class=\"wp-block-heading\">El desequilibrio de la microbiota y la trampa del Sibo<\/h2>\n\n\n\n<p>Los gases frecuentes y el mal olor persistente indican que las bacterias beneficiosas han perdido terreno frente a microorganismos que fermentan de manera agresiva. Cuando las bacterias fermentativas ganan espacio de forma silenciosa, la microbiota entra en un estado de disbiosis que altera toda la respuesta inmunitaria.<\/p>\n\n\n\n<p>Un fen\u00f3meno preocupante ocurre cuando el malestar aparece tras consumir alimentos saludables como legumbres, frutas o verduras frescas.<\/p>\n\n\n\n<h4 class=\"wp-block-heading\"><strong>[Te puede interesar] <a href=\"https:\/\/www.lahora.cl\/tendencias\/quienes-sufren-del-colon-podrian-beneficiarse-de-una-dosis-ajustada-de-vitamina-d\/\" target=\"_blank\" rel=\"noopener\">Quienes sufren del colon podr\u00edan beneficiarse de una dosis ajustada de vitamina D<\/a><\/strong><\/h4>\n\n\n\n<p>Este s\u00edntoma es un indicador cl\u00e1sico del sobrecrecimiento bacteriano en el intestino delgado, conocido m\u00e9dicamente como Sibo, o de intolerancias alimentarias no detectadas. Si la hinchaz\u00f3n se acompa\u00f1a de fatiga cr\u00f3nica, es probable que el organismo no est\u00e9 extrayendo las vitaminas y minerales necesarios de los alimentos.<\/p>\n\n\n\n<p>Esta falta de absorci\u00f3n impacta negativamente en el sistema hormonal y en la capacidad del metabolismo para gestionar el peso y la vitalidad.<\/p>\n\n\n\n<h2 class=\"wp-block-heading\">Epigen\u00e9tica y la comunicaci\u00f3n entre los genes y la dieta<\/h2>\n\n\n\n<p>La ciencia de la epigen\u00e9tica revela que el estilo de vida de cada individuo mantiene un di\u00e1logo constante y fluido con la expresi\u00f3n de sus genes. El intestino act\u00faa como un sensor de alta precisi\u00f3n que detecta c\u00f3mo el estr\u00e9s, el sue\u00f1o y la nutrici\u00f3n modulan la salud a largo plazo.<\/p>\n\n\n\n<p>Gracias a los avances actuales, es posible identificar con exactitud qu\u00e9 componentes de la dieta est\u00e1n activando las se\u00f1ales de inflamaci\u00f3n intestinal.<\/p>\n\n\n\n<h4 class=\"wp-block-heading\"><strong>[Lee tambi\u00e9n] <a href=\"https:\/\/www.lahora.cl\/tendencias\/6-alimentos-salud-intestinal\/\" target=\"_blank\" rel=\"noopener\">6 alimentos que usted debe evitar si desea mantener su salud intestinal al d\u00eda<\/a><\/strong><\/h4>\n\n\n\n<p>Prestar atenci\u00f3n a los s\u00edntomas iniciales permite realizar ajustes preventivos antes de que la arquitectura gen\u00e9tica se vea comprometida por h\u00e1bitos nocivos. El manejo adecuado del estr\u00e9s y una higiene del sue\u00f1o rigurosa son tan importantes para la digesti\u00f3n como la elecci\u00f3n de los ingredientes en el plato.<\/p>\n\n\n\n<p>Escuchar al intestino no es solo una cuesti\u00f3n de confort est\u00e9tico, sino una estrategia esencial para garantizar la longevidad y el bienestar integral.<\/p>\n","protected":false},"excerpt":{"rendered":"<p>La presencia constante de aire en el sistema digestivo suele ser ignorada o tratada como una situaci\u00f3n vergonzosa que carece de importancia cl\u00ednica real. El doctor Alexandre Olmos sostiene que los gases son, en realidad, los primeros indicadores de que el equilibrio interno del intestino se ha roto. Sentirse hinchado de forma permanente no debe [&hellip;]<\/p>\n","protected":false},"author":2,"featured_media":3839,"comment_status":"open","ping_status":"open","sticky":false,"template":"","format":"standard","meta":{"jnews-multi-image_gallery":[],"jnews_single_post":{"format":"standard"},"jnews_primary_category":[],"jnews_social_meta":[],"jnews_post_split":[],"footnotes":""},"categories":[1],"tags":[1721,524,426,58],"class_list":["post-3838","post","type-post","status-publish","format-standard","has-post-thumbnail","hentry","category-uncategorized","tag-gases","tag-intestino","tag-medico","tag-salud"],"_links":{"self":[{"href":"https:\/\/lahoratendencias.audiencelabs.com.br\/wp-json\/wp\/v2\/posts\/3838","targetHints":{"allow":["GET"]}}],"collection":[{"href":"https:\/\/lahoratendencias.audiencelabs.com.br\/wp-json\/wp\/v2\/posts"}],"about":[{"href":"https:\/\/lahoratendencias.audiencelabs.com.br\/wp-json\/wp\/v2\/types\/post"}],"author":[{"embeddable":true,"href":"https:\/\/lahoratendencias.audiencelabs.com.br\/wp-json\/wp\/v2\/users\/2"}],"replies":[{"embeddable":true,"href":"https:\/\/lahoratendencias.audiencelabs.com.br\/wp-json\/wp\/v2\/comments?post=3838"}],"version-history":[{"count":1,"href":"https:\/\/lahoratendencias.audiencelabs.com.br\/wp-json\/wp\/v2\/posts\/3838\/revisions"}],"predecessor-version":[{"id":3840,"href":"https:\/\/lahoratendencias.audiencelabs.com.br\/wp-json\/wp\/v2\/posts\/3838\/revisions\/3840"}],"wp:featuredmedia":[{"embeddable":true,"href":"https:\/\/lahoratendencias.audiencelabs.com.br\/wp-json\/wp\/v2\/media\/3839"}],"wp:attachment":[{"href":"https:\/\/lahoratendencias.audiencelabs.com.br\/wp-json\/wp\/v2\/media?parent=3838"}],"wp:term":[{"taxonomy":"category","embeddable":true,"href":"https:\/\/lahoratendencias.audiencelabs.com.br\/wp-json\/wp\/v2\/categories?post=3838"},{"taxonomy":"post_tag","embeddable":true,"href":"https:\/\/lahoratendencias.audiencelabs.com.br\/wp-json\/wp\/v2\/tags?post=3838"}],"curies":[{"name":"wp","href":"https:\/\/api.w.org\/{rel}","templated":true}]}}