{"id":3826,"date":"2026-04-27T10:41:54","date_gmt":"2026-04-27T14:41:54","guid":{"rendered":"https:\/\/lahoratendencias.audiencelabs.com.br\/?p=3826"},"modified":"2026-04-27T10:41:56","modified_gmt":"2026-04-27T14:41:56","slug":"emiten-alerta-a-todos-los-mayores-de-65-que-deseen-renovar-su-licencia-de-conducir","status":"publish","type":"post","link":"https:\/\/lahoratendencias.audiencelabs.com.br\/emiten-alerta-a-todos-los-mayores-de-65-que-deseen-renovar-su-licencia-de-conducir\/","title":{"rendered":"Emiten alerta a todos los mayores de 65 que deseen renovar su licencia de conducir"},"content":{"rendered":"\n<p>La normativa de tr\u00e1nsito en Colombia ha endurecido los controles para garantizar que la experiencia al volante se mantenga ligada a condiciones de salud \u00f3ptimas. Los conductores que superan los 65 a\u00f1os enfrentan ahora un proceso para renovar su licencia que ha dejado de ser un tr\u00e1mite autom\u00e1tico para convertirse en una evaluaci\u00f3n rigurosa.<\/p>\n\n\n\n<p>El Ministerio de Transporte busca reducir la siniestralidad vial asegurando que las capacidades sensoriales y motoras sigan siendo compatibles con las exigencias del tr\u00e1fico moderno.<\/p>\n\n\n\n<p>No cumplir con la validaci\u00f3n de aptitud f\u00edsica y mental resulta en la cancelaci\u00f3n inmediata de la facultad legal para operar veh\u00edculos en el territorio nacional. Esta medida no pretende discriminar por edad, sino establecer un filtro de seguridad que proteja tanto al conductor veterano como al resto de los ciudadanos.<\/p>\n\n\n\n<p>La clave para evitar la p\u00e9rdida definitiva del documento radica en la gesti\u00f3n anticipada de los certificados m\u00e9dicos ante las entidades correspondientes.<\/p>\n\n\n\n<h2 class=\"wp-block-heading\">El certificado de aptitud obligatoria<\/h2>\n\n\n\n<p>La columna vertebral de este proceso es el Registro \u00danico Nacional de Tr\u00e1nsito, plataforma donde debe quedar consignado el examen m\u00e9dico preventivo. Sin el cargue digital de este documento por parte de un Centro de Reconocimiento de Conductores autorizado, cualquier intento de renovaci\u00f3n ser\u00e1 rechazado por el sistema.<\/p>\n\n\n\n<p>El examen eval\u00faa aspectos cr\u00edticos como la agudeza visual, la capacidad auditiva, la coordinaci\u00f3n motriz y la estabilidad mental del solicitante.<\/p>\n\n\n\n<h4 class=\"wp-block-heading\"><strong>[Te puede interesar] <a href=\"https:\/\/www.lahora.cl\/tendencias\/gobierno-ya-confirma-un-bono\/\" target=\"_blank\" rel=\"noopener\">Nuevo gobierno reci\u00e9n lleg\u00f3 y ya confirma un bono de $81.257 para adultos mayores de 65 a\u00f1os en Chile<\/a><\/strong><\/h4>\n\n\n\n<p>Es fundamental tener en cuenta que el certificado m\u00e9dico posee una vigencia m\u00e1xima de seis meses antes de caducar en la base de datos oficial. Adem\u00e1s de la salud, el sistema verifica que el ciudadano no posea multas pendientes o acuerdos de pago incumplidos para autorizar la emisi\u00f3n del nuevo pl\u00e1stico.<\/p>\n\n\n\n<p>Para los conductores de servicio particular entre 60 y 80 a\u00f1os, la vigencia del documento se ha fijado en cinco a\u00f1os, reduci\u00e9ndose a una renovaci\u00f3n anual tras superar las ocho d\u00e9cadas.<\/p>\n\n\n\n<h2 class=\"wp-block-heading\">Periodicidad y costos de la renovaci\u00f3n en el escenario actual<\/h2>\n\n\n\n<p>La distinci\u00f3n entre servicio p\u00fablico y particular determina la frecuencia con la que un mayor de 60 a\u00f1os debe presentarse ante las autoridades de movilidad. En el caso del transporte p\u00fablico, la ley exige una validaci\u00f3n anual de capacidades, dada la alta responsabilidad que implica el traslado de pasajeros.<\/p>\n\n\n\n<p>Para el a\u00f1o 2026, las tarifas en ciudades como Bogot\u00e1 se han ajustado, superando los cien mil pesos para autom\u00f3viles y una cifra mayor para motocicletas.<\/p>\n\n\n\n<h4 class=\"wp-block-heading\"><strong>[Lee tambi\u00e9n] <a href=\"https:\/\/www.lahora.cl\/tendencias\/si-esta-ley-es-aprobada-en-chile-las-mujeres-mayores-de-60-anos-ya-no-tendran-que-pagar-esta-cuenta-anual\/\" target=\"_blank\" rel=\"noopener\">Si esta ley es aprobada en Chile, las mujeres mayores de 60 a\u00f1os ya no tendr\u00e1n que pagar esta cuenta anual<\/a><\/strong><\/h4>\n\n\n\n<p>El agendamiento previo en la Ventanilla \u00danica de Servicios es un requisito operativo que evita las aglomeraciones y garantiza una atenci\u00f3n eficiente. En caso de ser calificado como &#8220;no apto&#8221;, el conductor puede buscar tratamientos correctivos, como el uso de ayudas \u00f3pticas o auditivas, para intentar una nueva validaci\u00f3n.<\/p>\n\n\n\n<p>La licencia de conducci\u00f3n no tiene una edad l\u00edmite definitiva, pero s\u00ed una exigencia de vitalidad que no admite excepciones en favor de la seguridad vial colectiva.<\/p>\n","protected":false},"excerpt":{"rendered":"<p>La normativa de tr\u00e1nsito en Colombia ha endurecido los controles para garantizar que la experiencia al volante se mantenga ligada a condiciones de salud \u00f3ptimas. Los conductores que superan los 65 a\u00f1os enfrentan ahora un proceso para renovar su licencia que ha dejado de ser un tr\u00e1mite autom\u00e1tico para convertirse en una evaluaci\u00f3n rigurosa. El [&hellip;]<\/p>\n","protected":false},"author":2,"featured_media":3827,"comment_status":"open","ping_status":"open","sticky":false,"template":"","format":"standard","meta":{"jnews-multi-image_gallery":[],"jnews_single_post":{"format":"standard"},"jnews_primary_category":[],"jnews_social_meta":[],"jnews_post_split":[],"footnotes":""},"categories":[1],"tags":[194,1023,1712],"class_list":["post-3826","post","type-post","status-publish","format-standard","has-post-thumbnail","hentry","category-uncategorized","tag-adultos-mayores","tag-licencia-de-conducir","tag-mayores-de-65"],"_links":{"self":[{"href":"https:\/\/lahoratendencias.audiencelabs.com.br\/wp-json\/wp\/v2\/posts\/3826","targetHints":{"allow":["GET"]}}],"collection":[{"href":"https:\/\/lahoratendencias.audiencelabs.com.br\/wp-json\/wp\/v2\/posts"}],"about":[{"href":"https:\/\/lahoratendencias.audiencelabs.com.br\/wp-json\/wp\/v2\/types\/post"}],"author":[{"embeddable":true,"href":"https:\/\/lahoratendencias.audiencelabs.com.br\/wp-json\/wp\/v2\/users\/2"}],"replies":[{"embeddable":true,"href":"https:\/\/lahoratendencias.audiencelabs.com.br\/wp-json\/wp\/v2\/comments?post=3826"}],"version-history":[{"count":1,"href":"https:\/\/lahoratendencias.audiencelabs.com.br\/wp-json\/wp\/v2\/posts\/3826\/revisions"}],"predecessor-version":[{"id":3828,"href":"https:\/\/lahoratendencias.audiencelabs.com.br\/wp-json\/wp\/v2\/posts\/3826\/revisions\/3828"}],"wp:featuredmedia":[{"embeddable":true,"href":"https:\/\/lahoratendencias.audiencelabs.com.br\/wp-json\/wp\/v2\/media\/3827"}],"wp:attachment":[{"href":"https:\/\/lahoratendencias.audiencelabs.com.br\/wp-json\/wp\/v2\/media?parent=3826"}],"wp:term":[{"taxonomy":"category","embeddable":true,"href":"https:\/\/lahoratendencias.audiencelabs.com.br\/wp-json\/wp\/v2\/categories?post=3826"},{"taxonomy":"post_tag","embeddable":true,"href":"https:\/\/lahoratendencias.audiencelabs.com.br\/wp-json\/wp\/v2\/tags?post=3826"}],"curies":[{"name":"wp","href":"https:\/\/api.w.org\/{rel}","templated":true}]}}