{"id":3813,"date":"2026-04-26T17:52:00","date_gmt":"2026-04-26T21:52:00","guid":{"rendered":"https:\/\/lahoratendencias.audiencelabs.com.br\/?p=3813"},"modified":"2026-04-24T18:17:50","modified_gmt":"2026-04-24T22:17:50","slug":"atencion-chilenos-proximo-fin-de-semana-largo-es-confirmado-y-solo-quedan-estos-en-el-2026","status":"publish","type":"post","link":"https:\/\/lahoratendencias.audiencelabs.com.br\/atencion-chilenos-proximo-fin-de-semana-largo-es-confirmado-y-solo-quedan-estos-en-el-2026\/","title":{"rendered":"Atenci\u00f3n chilenos pr\u00f3ximo fin de semana largo es confirmado y solo quedan estos en el 2026"},"content":{"rendered":"\n<p>La planificaci\u00f3n de cada fin de semana largo se ha convertido en una prioridad para los trabajadores chilenos tras el cierre de las festividades de Semana Santa. El calendario de 2026 ofrece diversas oportunidades para pausar la rutina laboral y organizar escapadas a lo largo de todo el territorio nacional.<\/p>\n\n\n\n<p>Aunque algunos feriados coinciden con d\u00edas de fin de semana, otros se posicionan estrat\u00e9gicamente para generar periodos de descanso prolongado.<\/p>\n\n\n\n<p>Entender la naturaleza de estos d\u00edas es fundamental, especialmente al distinguir entre jornadas comunes y feriados de car\u00e1cter irrenunciable. La proximidad del pr\u00f3ximo hito en el calendario permite a las familias y al sector tur\u00edstico proyectar actividades con la debida antelaci\u00f3n.<\/p>\n\n\n\n<p>El pa\u00eds se prepara as\u00ed para una serie de pausas legales que marcar\u00e1n el ritmo de la productividad y el ocio durante los meses venideros.<\/p>\n\n\n\n<h2 class=\"wp-block-heading\">El pr\u00f3ximo feriado irrenunciable y los descansos de invierno<\/h2>\n\n\n\n<p>La espera por un nuevo respiro ser\u00e1 breve, ya que el D\u00eda del Trabajador se perfila como la siguiente gran fecha de detenci\u00f3n obligatoria. Este 1 de mayo cae viernes, garantizando tres d\u00edas consecutivos de inactividad para la gran mayor\u00eda de la fuerza laboral del pa\u00eds.<\/p>\n\n\n\n<p>Al ser una jornada irrenunciable, el comercio y los servicios deber\u00e1n cerrar sus puertas, permitiendo una desconexi\u00f3n total para los trabajadores del rubro.<\/p>\n\n\n\n<h4 class=\"wp-block-heading\"><strong>[Te puede interesar] <a href=\"https:\/\/www.lahora.cl\/tendencias\/habito-que-el-65-de-los-chilenos-dice-tener-en-su-tiempo-libre-podria-estar-danando-su-cerebro\/\" target=\"_blank\" rel=\"noopener\">H\u00e1bito que el 65% de los chilenos dice tener en su tiempo libre podr\u00eda estar da\u00f1ando su cerebro<\/a><\/strong><\/h4>\n\n\n\n<p>Hacia el final del primer semestre, el lunes 29 de junio traer\u00e1 consigo otro fin de semana largo con la conmemoraci\u00f3n de San Pedro y San Pablo. A diferencia del feriado de mayo, esta fecha religiosa permite el funcionamiento normal del comercio, aunque mantiene el car\u00e1cter de descanso para el sector p\u00fablico y privado.<\/p>\n\n\n\n<p>Julio tambi\u00e9n contar\u00e1 con un respiro a mitad de mes, el jueves 16, ideal para quienes puedan gestionar una pausa extendida hacia el fin de semana.<\/p>\n\n\n\n<h2 class=\"wp-block-heading\">Fiestas Patrias y el cierre del calendario anual<\/h2>\n\n\n\n<p>La llegada de septiembre traer\u00e1 una de las celebraciones m\u00e1s esperadas, aunque este a\u00f1o la estructura del calendario ser\u00e1 m\u00e1s acotada de lo habitual. El 18 de septiembre coincide con un d\u00eda viernes, lo que asegura tres jornadas de festejo oficial junto al s\u00e1bado 19 y el domingo 20.<\/p>\n\n\n\n<p>Ambos d\u00edas centrales son irrenunciables, asegurando que las tradiciones se vivan en familia sin las presiones de la actividad comercial masiva.<\/p>\n\n\n\n<h4 class=\"wp-block-heading\"><strong>[Lee tambi\u00e9n] <a href=\"https:\/\/www.lahora.cl\/tendencias\/gobierno-confirma-reduccion-para-esta-semana-y-los-chilenos-celebran-una-baja-de-300\/\" target=\"_blank\" rel=\"noopener\">Gobierno confirma reducci\u00f3n para esta semana y los chilenos celebran una baja de $300<\/a><\/strong><\/h4>\n\n\n\n<p>Octubre recuperar\u00e1 el ritmo de los descansos largos gracias al lunes 12, permitiendo que las celebraciones por el Encuentro de Dos Mundos se extiendan desde el s\u00e1bado previo. Curiosamente, los feriados de fin de mes coinciden con s\u00e1bado y domingo, limitando el impacto de descanso para quienes no trabajan habitualmente esos d\u00edas.<\/p>\n\n\n\n<p>Finalmente, el a\u00f1o 2026 cerrar\u00e1 con broche de oro, pues la Navidad caer\u00e1 un viernes, entregando el \u00faltimo fin de semana largo antes de las vacaciones de verano.<\/p>\n","protected":false},"excerpt":{"rendered":"<p>La planificaci\u00f3n de cada fin de semana largo se ha convertido en una prioridad para los trabajadores chilenos tras el cierre de las festividades de Semana Santa. El calendario de 2026 ofrece diversas oportunidades para pausar la rutina laboral y organizar escapadas a lo largo de todo el territorio nacional. Aunque algunos feriados coinciden con [&hellip;]<\/p>\n","protected":false},"author":2,"featured_media":3814,"comment_status":"open","ping_status":"open","sticky":false,"template":"","format":"standard","meta":{"jnews-multi-image_gallery":[],"jnews_single_post":{"format":"standard"},"jnews_primary_category":[],"jnews_social_meta":[],"jnews_post_split":[],"footnotes":""},"categories":[1],"tags":[987,1211,1456],"class_list":["post-3813","post","type-post","status-publish","format-standard","has-post-thumbnail","hentry","category-uncategorized","tag-descanso","tag-feriados","tag-fin-de-semana"],"_links":{"self":[{"href":"https:\/\/lahoratendencias.audiencelabs.com.br\/wp-json\/wp\/v2\/posts\/3813","targetHints":{"allow":["GET"]}}],"collection":[{"href":"https:\/\/lahoratendencias.audiencelabs.com.br\/wp-json\/wp\/v2\/posts"}],"about":[{"href":"https:\/\/lahoratendencias.audiencelabs.com.br\/wp-json\/wp\/v2\/types\/post"}],"author":[{"embeddable":true,"href":"https:\/\/lahoratendencias.audiencelabs.com.br\/wp-json\/wp\/v2\/users\/2"}],"replies":[{"embeddable":true,"href":"https:\/\/lahoratendencias.audiencelabs.com.br\/wp-json\/wp\/v2\/comments?post=3813"}],"version-history":[{"count":1,"href":"https:\/\/lahoratendencias.audiencelabs.com.br\/wp-json\/wp\/v2\/posts\/3813\/revisions"}],"predecessor-version":[{"id":3815,"href":"https:\/\/lahoratendencias.audiencelabs.com.br\/wp-json\/wp\/v2\/posts\/3813\/revisions\/3815"}],"wp:featuredmedia":[{"embeddable":true,"href":"https:\/\/lahoratendencias.audiencelabs.com.br\/wp-json\/wp\/v2\/media\/3814"}],"wp:attachment":[{"href":"https:\/\/lahoratendencias.audiencelabs.com.br\/wp-json\/wp\/v2\/media?parent=3813"}],"wp:term":[{"taxonomy":"category","embeddable":true,"href":"https:\/\/lahoratendencias.audiencelabs.com.br\/wp-json\/wp\/v2\/categories?post=3813"},{"taxonomy":"post_tag","embeddable":true,"href":"https:\/\/lahoratendencias.audiencelabs.com.br\/wp-json\/wp\/v2\/tags?post=3813"}],"curies":[{"name":"wp","href":"https:\/\/api.w.org\/{rel}","templated":true}]}}