{"id":3806,"date":"2026-04-26T14:13:00","date_gmt":"2026-04-26T18:13:00","guid":{"rendered":"https:\/\/lahoratendencias.audiencelabs.com.br\/?p=3806"},"modified":"2026-04-24T17:37:19","modified_gmt":"2026-04-24T21:37:19","slug":"pan-de-batidora-sin-harina-de-trigo-y-sin-gluten-con-esta-receta-nunca-mas-te-sentiras-hinchada-despues-del-desayuno","status":"publish","type":"post","link":"https:\/\/lahoratendencias.audiencelabs.com.br\/pan-de-batidora-sin-harina-de-trigo-y-sin-gluten-con-esta-receta-nunca-mas-te-sentiras-hinchada-despues-del-desayuno\/","title":{"rendered":"Pan de batidora sin harina de trigo y sin gluten: Con esta receta nunca m\u00e1s te sentir\u00e1s hinchada despu\u00e9s del desayuno"},"content":{"rendered":"\n<p>La b\u00fasqueda de alternativas saludables al pan tradicional ha llevado a miles de personas a descubrir preparaciones que priorizan la digesti\u00f3n sin sacrificar el sabor. El malestar abdominal y la sensaci\u00f3n de pesadez tras el desayuno suelen estar ligados al consumo de harinas refinadas y conservantes industriales.<\/p>\n\n\n\n<p>Una de las soluciones m\u00e1s virales y efectivas para este problema es la receta de pan de batidora sin harina de trigo, popularizada por la presentadora brasile\u00f1a Eliana.<\/p>\n\n\n\n<p>Este m\u00e9todo destaca por su extrema sencillez, permitiendo obtener una masa esponjosa en cuesti\u00f3n de minutos sin necesidad de procesos de amasado manual. Quienes han integrado esta opci\u00f3n en su rutina diaria reportan una mejora inmediata en sus niveles de energ\u00eda y una reducci\u00f3n notable de la hinchaz\u00f3n matutina.<\/p>\n\n\n\n<p>La clave de su \u00e9xito reside en el uso de ingredientes b\u00e1sicos que la mayor\u00eda tiene en su despensa, transformando el concepto de pan casero.<\/p>\n\n\n\n<h2 class=\"wp-block-heading\">La revoluci\u00f3n de la maicena y la practicidad de la licuadora<\/h2>\n\n\n\n<p>El secreto de esta preparaci\u00f3n radica en la sustituci\u00f3n total de la harina de trigo por almid\u00f3n de ma\u00edz, lo que la convierte en una opci\u00f3n apta para cel\u00edacos. Al carecer de gluten, el sistema digestivo procesa el alimento con mayor ligereza, evitando la fermentaci\u00f3n excesiva que suele causar gases e incomodidad.<\/p>\n\n\n\n<p>La mezcla se logra combinando huevos, crema de leche y maicena, creando una base rica en prote\u00ednas y grasas saludables que otorgan saciedad.<\/p>\n\n\n\n<h4 class=\"wp-block-heading\"><strong>[Te puede interesar] <a href=\"https:\/\/www.lahora.cl\/tendencias\/cuando-no-hay-bunuelos-ni-pan\/\" target=\"_blank\" rel=\"noopener\">La receta barata y perfecta cuando no hay bu\u00f1uelos ni pan para el caf\u00e9<\/a><\/strong><\/h4>\n\n\n\n<p>El uso de la batidora garantiza una textura homog\u00e9nea y aireada, algo que suele ser dif\u00edcil de conseguir en las panificaciones que no utilizan trigo. Solo basta con verter los l\u00edquidos primero, a\u00f1adir los secos y finalizar con un toque de levadura qu\u00edmica antes de llevar la mezcla al horno precalentado.<\/p>\n\n\n\n<p>Esta t\u00e9cnica no solo ahorra tiempo en la cocina, sino que garantiza un resultado profesional incluso para quienes no tienen experiencia previa en reposter\u00eda.<\/p>\n\n\n\n<h2 class=\"wp-block-heading\">Consejos de horneado y combinaciones para un desayuno nutritivo<\/h2>\n\n\n\n<p>Para obtener un pan perfecto, se recomienda utilizar un molde rectangular engrasado, lo que facilita el corte en rebanadas uniformes una vez que la masa ha subido. El tiempo de cocci\u00f3n a 180\u00b0C suele rondar los 25 minutos, suficiente para que la superficie adquiera un tono dorado y una corteza sutilmente crujiente.<\/p>\n\n\n\n<p>La versatilidad de este pan permite acompa\u00f1arlo con opciones ligeras como queso crema bajo en grasas, huevos revueltos o pat\u00e9s de vegetales frescos.<\/p>\n\n\n\n<h4 class=\"wp-block-heading\"><strong>[Lee tambi\u00e9n] <a href=\"https:\/\/www.lahora.cl\/tendencias\/un-ex-chef-revela-la-bebida-que-cristiano-ronaldo-elimino-de-su-dieta\/\" target=\"_blank\" rel=\"noopener\">Un ex chef revela la bebida que Cristiano Ronaldo elimin\u00f3 de su dieta<\/a><\/strong><\/h4>\n\n\n\n<p>Muchos usuarios han optado por tostar las rebanadas ligeramente, resaltando el aroma suave de la preparaci\u00f3n y mejorando la experiencia sensorial del desayuno. Es una alternativa ideal para quienes siguen dietas de control de peso o simplemente buscan una relaci\u00f3n m\u00e1s armoniosa con su alimentaci\u00f3n diaria.<\/p>\n\n\n\n<p>Incorporar este h\u00e1bito permite disfrutar de la calidez de un pan reci\u00e9n hecho sin las consecuencias negativas que los productos procesados imponen al organismo.<\/p>\n","protected":false},"excerpt":{"rendered":"<p>La b\u00fasqueda de alternativas saludables al pan tradicional ha llevado a miles de personas a descubrir preparaciones que priorizan la digesti\u00f3n sin sacrificar el sabor. El malestar abdominal y la sensaci\u00f3n de pesadez tras el desayuno suelen estar ligados al consumo de harinas refinadas y conservantes industriales. Una de las soluciones m\u00e1s virales y efectivas [&hellip;]<\/p>\n","protected":false},"author":2,"featured_media":3807,"comment_status":"open","ping_status":"open","sticky":false,"template":"","format":"standard","meta":{"jnews-multi-image_gallery":[],"jnews_single_post":{"format":"standard"},"jnews_primary_category":[],"jnews_social_meta":[],"jnews_post_split":[],"footnotes":""},"categories":[1],"tags":[1703,89,1704],"class_list":["post-3806","post","type-post","status-publish","format-standard","has-post-thumbnail","hentry","category-uncategorized","tag-pan-sin-harina-de-trigo","tag-recetas","tag-sin-gluten"],"_links":{"self":[{"href":"https:\/\/lahoratendencias.audiencelabs.com.br\/wp-json\/wp\/v2\/posts\/3806","targetHints":{"allow":["GET"]}}],"collection":[{"href":"https:\/\/lahoratendencias.audiencelabs.com.br\/wp-json\/wp\/v2\/posts"}],"about":[{"href":"https:\/\/lahoratendencias.audiencelabs.com.br\/wp-json\/wp\/v2\/types\/post"}],"author":[{"embeddable":true,"href":"https:\/\/lahoratendencias.audiencelabs.com.br\/wp-json\/wp\/v2\/users\/2"}],"replies":[{"embeddable":true,"href":"https:\/\/lahoratendencias.audiencelabs.com.br\/wp-json\/wp\/v2\/comments?post=3806"}],"version-history":[{"count":1,"href":"https:\/\/lahoratendencias.audiencelabs.com.br\/wp-json\/wp\/v2\/posts\/3806\/revisions"}],"predecessor-version":[{"id":3808,"href":"https:\/\/lahoratendencias.audiencelabs.com.br\/wp-json\/wp\/v2\/posts\/3806\/revisions\/3808"}],"wp:featuredmedia":[{"embeddable":true,"href":"https:\/\/lahoratendencias.audiencelabs.com.br\/wp-json\/wp\/v2\/media\/3807"}],"wp:attachment":[{"href":"https:\/\/lahoratendencias.audiencelabs.com.br\/wp-json\/wp\/v2\/media?parent=3806"}],"wp:term":[{"taxonomy":"category","embeddable":true,"href":"https:\/\/lahoratendencias.audiencelabs.com.br\/wp-json\/wp\/v2\/categories?post=3806"},{"taxonomy":"post_tag","embeddable":true,"href":"https:\/\/lahoratendencias.audiencelabs.com.br\/wp-json\/wp\/v2\/tags?post=3806"}],"curies":[{"name":"wp","href":"https:\/\/api.w.org\/{rel}","templated":true}]}}