{"id":3733,"date":"2026-04-23T16:04:00","date_gmt":"2026-04-23T20:04:00","guid":{"rendered":"https:\/\/lahoratendencias.audiencelabs.com.br\/?p=3733"},"modified":"2026-04-23T13:57:28","modified_gmt":"2026-04-23T17:57:28","slug":"ventas-de-autos-electricos-se-disparan-un-148-ante-alza-de-los-combustibles","status":"publish","type":"post","link":"https:\/\/lahoratendencias.audiencelabs.com.br\/ventas-de-autos-electricos-se-disparan-un-148-ante-alza-de-los-combustibles\/","title":{"rendered":"Ventas de autos el\u00e9ctricos se disparan un 148% ante alza de los combustibles"},"content":{"rendered":"\n<p>Las ventas de autos el\u00e9ctricos en Chile atraviesan una transformaci\u00f3n sin precedentes impulsada por la necesidad econ\u00f3mica de los conductores frente a la crisis energ\u00e9tica. El aumento dr\u00e1stico en los precios del di\u00e9sel y la gasolina, que han subido m\u00e1s de un 30% recientemente, ha forzado a miles de personas a buscar alternativas m\u00e1s eficientes.<\/p>\n\n\n\n<p>Durante el mes de marzo, las ventas de veh\u00edculos de cero y bajas emisiones registraron una expansi\u00f3n hist\u00f3rica del 148%, marcando un hito en la movilidad nacional.<\/p>\n\n\n\n<p>Este fen\u00f3meno no es una tendencia pasajera, sino una respuesta directa al elevado costo de mantener un autom\u00f3vil convencional en el escenario actual. Las cotizaciones de modelos electrificados se dispararon m\u00e1s de un 300% en las \u00faltimas semanas de marzo, reflejando una urgencia por optimizar el presupuesto familiar.<\/p>\n\n\n\n<p>El consumidor chileno ha dejado de ver al auto el\u00e9ctrico como un lujo tecnol\u00f3gico para considerarlo una herramienta de ahorro indispensable para el d\u00eda a d\u00eda.<\/p>\n\n\n\n<h2 class=\"wp-block-heading\">La consolidaci\u00f3n de los modelos h\u00edbridos como la opci\u00f3n m\u00e1s pr\u00e1ctica<\/h2>\n\n\n\n<p>Dentro de este boom, los veh\u00edculos h\u00edbridos convencionales y microh\u00edbridos se han posicionado como la puerta de entrada favorita a la electromovilidad. Este segmento permite a los usuarios ahorrar entre un 30% y un 40% en combustible, combinando un motor de combusti\u00f3n con asistencia el\u00e9ctrica eficiente.<\/p>\n\n\n\n<p>La tecnolog\u00eda h\u00edbrida no enchufable ha ganado terreno r\u00e1pidamente debido a que no depende de una infraestructura de carga p\u00fablica todav\u00eda en desarrollo.<\/p>\n\n\n\n<h4 class=\"wp-block-heading\"><strong>[Te puede interesar] <a href=\"https:\/\/www.lahora.cl\/tendencias\/renault-confirma-el-cierre-de-sus-operaciones-en-chile-y-deja-de-producir-autos\/\" target=\"_blank\" rel=\"noopener\">Renault confirma el cierre de sus operaciones en Chile y deja de producir autos<\/a><\/strong><\/h4>\n\n\n\n<p>Al recuperar energ\u00eda durante el frenado y las desaceleraciones, estos veh\u00edculos ofrecen una autonom\u00eda superior que resulta ideal para el tr\u00e1fico intenso de las ciudades chilenas. Con m\u00e1s de 8.000 unidades vendidas en lo que va del a\u00f1o, estos modelos dominan el mercado de bajas emisiones por su equilibrio entre precio y rendimiento.<\/p>\n\n\n\n<p>La transici\u00f3n hacia una flota m\u00e1s limpia avanza as\u00ed de forma gradual, priorizando sistemas que garantizan movilidad inmediata sin miedos por la falta de electrolineras.<\/p>\n\n\n\n<h2 class=\"wp-block-heading\">El crecimiento exponencial de los enchufables y el futuro el\u00e9ctrico<\/h2>\n\n\n\n<p>Por su parte, los veh\u00edculos 100% el\u00e9ctricos y los h\u00edbridos enchufables han anotado un crecimiento acumulado del 127% en comparaci\u00f3n con el a\u00f1o anterior. Aunque todav\u00eda representan una fracci\u00f3n menor del mercado total, su salto del 237% solo en marzo indica que la confianza en estas tecnolog\u00edas est\u00e1 madurando.<\/p>\n\n\n\n<p>La infraestructura de carga en el pa\u00eds sigue siendo un desaf\u00edo, pero los nuevos modelos con mayor autonom\u00eda est\u00e1n derribando las barreras de entrada para los usuarios.<\/p>\n\n\n\n<h4 class=\"wp-block-heading\"><strong>[Lee tambi\u00e9n] <a href=\"https:\/\/www.lahora.cl\/tendencias\/baterias-con-autonomia-1-500\/\" target=\"_blank\" rel=\"noopener\">Informaci\u00f3n para todos los chilenos con autos el\u00e9ctricos: bater\u00edas con autonom\u00eda de hasta 1.500 km podr\u00edan llegar al mercado<\/a><\/strong><\/h4>\n\n\n\n<p>El beneficio de costo por kil\u00f3metro recorrido es tan bajo que la inversi\u00f3n inicial en un auto el\u00e9ctrico comienza a amortizarse en tiempos mucho m\u00e1s cortos que antes. Las proyecciones para el resto de 2026 sugieren que la tendencia al alza se mantendr\u00e1 firme mientras los combustibles f\u00f3siles sigan bajo presi\u00f3n internacional.<\/p>\n\n\n\n<p>Chile se posiciona as\u00ed como un l\u00edder regional en la adopci\u00f3n de nuevas energ\u00edas, transformando una crisis de precios en una oportunidad de modernizaci\u00f3n sostenible.<\/p>\n","protected":false},"excerpt":{"rendered":"<p>Las ventas de autos el\u00e9ctricos en Chile atraviesan una transformaci\u00f3n sin precedentes impulsada por la necesidad econ\u00f3mica de los conductores frente a la crisis energ\u00e9tica. El aumento dr\u00e1stico en los precios del di\u00e9sel y la gasolina, que han subido m\u00e1s de un 30% recientemente, ha forzado a miles de personas a buscar alternativas m\u00e1s eficientes. [&hellip;]<\/p>\n","protected":false},"author":2,"featured_media":3734,"comment_status":"open","ping_status":"open","sticky":false,"template":"","format":"standard","meta":{"jnews-multi-image_gallery":[],"jnews_single_post":{"format":"standard"},"jnews_primary_category":[],"jnews_social_meta":[],"jnews_post_split":[],"footnotes":""},"categories":[1],"tags":[700,1112,1672,1673],"class_list":["post-3733","post","type-post","status-publish","format-standard","has-post-thumbnail","hentry","category-uncategorized","tag-autos-electricos","tag-combustibles","tag-electromovilidad","tag-ventas"],"_links":{"self":[{"href":"https:\/\/lahoratendencias.audiencelabs.com.br\/wp-json\/wp\/v2\/posts\/3733","targetHints":{"allow":["GET"]}}],"collection":[{"href":"https:\/\/lahoratendencias.audiencelabs.com.br\/wp-json\/wp\/v2\/posts"}],"about":[{"href":"https:\/\/lahoratendencias.audiencelabs.com.br\/wp-json\/wp\/v2\/types\/post"}],"author":[{"embeddable":true,"href":"https:\/\/lahoratendencias.audiencelabs.com.br\/wp-json\/wp\/v2\/users\/2"}],"replies":[{"embeddable":true,"href":"https:\/\/lahoratendencias.audiencelabs.com.br\/wp-json\/wp\/v2\/comments?post=3733"}],"version-history":[{"count":1,"href":"https:\/\/lahoratendencias.audiencelabs.com.br\/wp-json\/wp\/v2\/posts\/3733\/revisions"}],"predecessor-version":[{"id":3735,"href":"https:\/\/lahoratendencias.audiencelabs.com.br\/wp-json\/wp\/v2\/posts\/3733\/revisions\/3735"}],"wp:featuredmedia":[{"embeddable":true,"href":"https:\/\/lahoratendencias.audiencelabs.com.br\/wp-json\/wp\/v2\/media\/3734"}],"wp:attachment":[{"href":"https:\/\/lahoratendencias.audiencelabs.com.br\/wp-json\/wp\/v2\/media?parent=3733"}],"wp:term":[{"taxonomy":"category","embeddable":true,"href":"https:\/\/lahoratendencias.audiencelabs.com.br\/wp-json\/wp\/v2\/categories?post=3733"},{"taxonomy":"post_tag","embeddable":true,"href":"https:\/\/lahoratendencias.audiencelabs.com.br\/wp-json\/wp\/v2\/tags?post=3733"}],"curies":[{"name":"wp","href":"https:\/\/api.w.org\/{rel}","templated":true}]}}