{"id":3138,"date":"2026-04-12T08:04:00","date_gmt":"2026-04-12T12:04:00","guid":{"rendered":"https:\/\/lahoratendencias.audiencelabs.com.br\/?p=3138"},"modified":"2026-04-09T21:29:42","modified_gmt":"2026-04-10T01:29:42","slug":"pension-es-confirmada-y-personas-entre-30-y-64-anos-pueden-inscribirse-para-recibir-el-subsidio-del-gobierno","status":"publish","type":"post","link":"https:\/\/lahoratendencias.audiencelabs.com.br\/pension-es-confirmada-y-personas-entre-30-y-64-anos-pueden-inscribirse-para-recibir-el-subsidio-del-gobierno\/","title":{"rendered":"Pensi\u00f3n es confirmada y personas entre 30 y 64 a\u00f1os pueden inscribirse para recibir el subsidio del gobierno"},"content":{"rendered":"\n<p>El fortalecimiento de los derechos sociales en M\u00e9xico ha alcanzado un nuevo nivel de compromiso con este subsidio del gobierno. Este blindaje legal asegura que la asistencia financiera no dependa de los cambios en la administraci\u00f3n p\u00fablica, garantizando estabilidad para los sectores m\u00e1s vulnerables.<\/p>\n\n\n\n<p>El programa est\u00e1 dise\u00f1ado espec\u00edficamente para personas que viven con alguna discapacidad, buscando fomentar su independencia y mejorar su calidad de vida de forma permanente.<\/p>\n\n\n\n<p>La implementaci\u00f3n del apoyo presenta variaciones territoriales significativas que dependen de los convenios de colaboraci\u00f3n firmados entre el gobierno federal y las entidades locales. Entender estas diferencias es crucial para que los ciudadanos puedan ejercer su derecho y acceder a los recursos que el Estado destina para su protecci\u00f3n integral.<\/p>\n\n\n\n<h2 class=\"wp-block-heading\">Cobertura universal y criterios de residencia<\/h2>\n\n\n\n<p>En la actualidad, 24 entidades del pa\u00eds han firmado convenios de universalidad, lo que permite que cualquier persona con discapacidad entre los 0 y 64 a\u00f1os pueda registrarse. Ciudades y estados como la Ciudad de M\u00e9xico, el Estado de M\u00e9xico, Veracruz y Sonora, entre otros, ya aplican esta apertura total sin restricciones geogr\u00e1ficas adicionales.<\/p>\n\n\n\n<p>Sin embargo, en los 8 estados restantes que a\u00fan no formalizan este acuerdo, la normativa establece condiciones espec\u00edficas para el rango de edad de 30 a 64 a\u00f1os.<\/p>\n\n\n\n<h4 class=\"wp-block-heading\"><strong>[Te puede interesar] <a href=\"https:\/\/www.lahora.cl\/tendencias\/gobierno-de-chile-anuncia-un-nuevo-subsidio-para-los-trabajadores\/\" target=\"_blank\" rel=\"noopener\">Gobierno de Chile anuncia un nuevo subsidio para los trabajadores<\/a><\/strong><\/h4>\n\n\n\n<p>En estas zonas, el registro solo es posible si los solicitantes residen en localidades ind\u00edgenas, afromexicanas o en municipios clasificados con un grado de marginaci\u00f3n muy alto. Para los menores de 29 a\u00f1os, la pensi\u00f3n mantiene su car\u00e1cter general en todo el territorio nacional, independientemente de la firma de convenios espec\u00edficos por estado.<\/p>\n\n\n\n<p>Esta estrategia de focalizaci\u00f3n busca dar prioridad a quienes enfrentan barreras sociales y econ\u00f3micas m\u00e1s profundas en las regiones donde el apoyo a\u00fan no es universal.<\/p>\n\n\n\n<h2 class=\"wp-block-heading\">Documentaci\u00f3n requerida y canales de entrega<\/h2>\n\n\n\n<p>El proceso de incorporaci\u00f3n exige la presentaci\u00f3n de documentos b\u00e1sicos en original y copia, tales como el acta de nacimiento y una identificaci\u00f3n oficial vigente. Es indispensable contar con la Clave \u00danica de Registro de Poblaci\u00f3n y un comprobante de domicilio reciente que no supere los seis meses de antig\u00fcedad.<\/p>\n\n\n\n<p>El requisito t\u00e9cnico m\u00e1s importante es el certificado m\u00e9dico de discapacidad permanente, el cual debe ser emitido exclusivamente por una instituci\u00f3n p\u00fablica de salud.<\/p>\n\n\n\n<h4 class=\"wp-block-heading\"><strong>[Lee tambi\u00e9n] <a href=\"https:\/\/www.lahora.cl\/tendencias\/gobierno-de-chile-crea-un-subsidio-que-ayudara-a-mas-de-44-mil-adultos-en-el-pais\/\" target=\"_blank\" rel=\"noopener\">Gobierno de Chile crea un subsidio que ayudar\u00e1 a m\u00e1s de 44 mil adultos en el pa\u00eds<\/a><\/strong><\/h4>\n\n\n\n<p>Si la persona interesada tiene dificultades para acudir al m\u00f3dulo, puede designar a un auxiliar que presente su documentaci\u00f3n y compruebe el parentesco correspondiente. Los periodos de inscripci\u00f3n se habilitan de manera c\u00edclica, por lo que se recomienda monitorear los anuncios oficiales para conocer las fechas exactas en cada localidad.<\/p>\n\n\n\n<p>El pago se realiza sin intermediarios a trav\u00e9s de dep\u00f3sitos directos en la tarjeta del Banco del Bienestar, asegurando que el recurso llegue \u00edntegro a manos del beneficiario.<\/p>\n","protected":false},"excerpt":{"rendered":"<p>El fortalecimiento de los derechos sociales en M\u00e9xico ha alcanzado un nuevo nivel de compromiso con este subsidio del gobierno. Este blindaje legal asegura que la asistencia financiera no dependa de los cambios en la administraci\u00f3n p\u00fablica, garantizando estabilidad para los sectores m\u00e1s vulnerables. El programa est\u00e1 dise\u00f1ado espec\u00edficamente para personas que viven con alguna [&hellip;]<\/p>\n","protected":false},"author":2,"featured_media":3139,"comment_status":"open","ping_status":"open","sticky":false,"template":"","format":"standard","meta":{"jnews-multi-image_gallery":[],"jnews_single_post":{"format":"standard"},"jnews_primary_category":[],"jnews_social_meta":[],"jnews_post_split":[],"footnotes":""},"categories":[1],"tags":[1424,733,1423,625],"class_list":["post-3138","post","type-post","status-publish","format-standard","has-post-thumbnail","hentry","category-uncategorized","tag-discapacidad","tag-mexico","tag-normativa","tag-subsidio"],"_links":{"self":[{"href":"https:\/\/lahoratendencias.audiencelabs.com.br\/wp-json\/wp\/v2\/posts\/3138","targetHints":{"allow":["GET"]}}],"collection":[{"href":"https:\/\/lahoratendencias.audiencelabs.com.br\/wp-json\/wp\/v2\/posts"}],"about":[{"href":"https:\/\/lahoratendencias.audiencelabs.com.br\/wp-json\/wp\/v2\/types\/post"}],"author":[{"embeddable":true,"href":"https:\/\/lahoratendencias.audiencelabs.com.br\/wp-json\/wp\/v2\/users\/2"}],"replies":[{"embeddable":true,"href":"https:\/\/lahoratendencias.audiencelabs.com.br\/wp-json\/wp\/v2\/comments?post=3138"}],"version-history":[{"count":1,"href":"https:\/\/lahoratendencias.audiencelabs.com.br\/wp-json\/wp\/v2\/posts\/3138\/revisions"}],"predecessor-version":[{"id":3140,"href":"https:\/\/lahoratendencias.audiencelabs.com.br\/wp-json\/wp\/v2\/posts\/3138\/revisions\/3140"}],"wp:featuredmedia":[{"embeddable":true,"href":"https:\/\/lahoratendencias.audiencelabs.com.br\/wp-json\/wp\/v2\/media\/3139"}],"wp:attachment":[{"href":"https:\/\/lahoratendencias.audiencelabs.com.br\/wp-json\/wp\/v2\/media?parent=3138"}],"wp:term":[{"taxonomy":"category","embeddable":true,"href":"https:\/\/lahoratendencias.audiencelabs.com.br\/wp-json\/wp\/v2\/categories?post=3138"},{"taxonomy":"post_tag","embeddable":true,"href":"https:\/\/lahoratendencias.audiencelabs.com.br\/wp-json\/wp\/v2\/tags?post=3138"}],"curies":[{"name":"wp","href":"https:\/\/api.w.org\/{rel}","templated":true}]}}