{"id":2980,"date":"2026-04-07T20:01:00","date_gmt":"2026-04-08T00:01:00","guid":{"rendered":"https:\/\/lahoratendencias.audiencelabs.com.br\/?p=2980"},"modified":"2026-04-08T08:46:47","modified_gmt":"2026-04-08T12:46:47","slug":"gobierno-prohibe-la-entrada-de-un-cantante-en-este-pais-y-el-festival-es-cancelado","status":"publish","type":"post","link":"https:\/\/lahoratendencias.audiencelabs.com.br\/gobierno-prohibe-la-entrada-de-un-cantante-en-este-pais-y-el-festival-es-cancelado\/","title":{"rendered":"Gobierno proh\u00edbe la entrada de un cantante en este pa\u00eds y el festival es cancelado"},"content":{"rendered":"\n<p>Firme ha sido la determinaci\u00f3n de autoridades brit\u00e1nicas sobre la movilidad de este cantante en Reino Unido. El Ministerio del Interior ha tomado una decisi\u00f3n sin precedentes que ha dejado a miles de fan\u00e1ticos sin el evento principal de la temporada.<\/p>\n\n\n\n<p>Gobierno proh\u00edbe la entrada de un cantante en este pa\u00eds y el festival es cancelado, marcando un punto de no retorno en la carrera del rapero estadounidense Kanye West.<\/p>\n\n\n\n<p>La administraci\u00f3n del primer ministro Keir Starmer fundament\u00f3 el rechazo de la visa bajo el argumento de que la presencia del artista no ser\u00eda de inter\u00e9s p\u00fablico. Esta medida de seguridad nacional responde directamente a las pol\u00e9micas declaraciones y posturas ideol\u00f3gicas que el m\u00fasico ha sostenido en los \u00faltimos a\u00f1os.<\/p>\n\n\n\n<h2 class=\"wp-block-heading\">Un portazo definitivo por motivos de seguridad p\u00fablica<\/h2>\n\n\n\n<p>A pesar de los intentos del cantante por redimirse mediante columnas de opini\u00f3n y ofrecimientos de reuniones de buena voluntad, el Estado brit\u00e1nico mantuvo su postura. La denegaci\u00f3n del visado se sustenta en la necesidad de proteger la cohesi\u00f3n social y evitar la difusi\u00f3n de mensajes que inciten al odio o la divisi\u00f3n.<\/p>\n\n\n\n<p>Kanye West pretend\u00eda aterrizar en Londres para encabezar una serie de presentaciones masivas, pero sus antecedentes terminaron por sellar su exclusi\u00f3n.<\/p>\n\n\n\n<h4 class=\"wp-block-heading\"><strong>[Te puede interesar] <a href=\"https:\/\/www.lahora.cl\/tendencias\/artista-famoso-corto-su-cabello-en-un-programa-de-tv-y-un-solo-mechon-fue-subastado-por-30-millones\/\" target=\"_blank\" rel=\"noopener\">Artista famoso cort\u00f3 su cabello en un programa de TV y un solo mech\u00f3n fue subastado por $30 millones<\/a><\/strong><\/h4>\n\n\n\n<p>La indignaci\u00f3n escal\u00f3 hasta los niveles m\u00e1s altos del poder pol\u00edtico y civil, donde el alcalde de Londres y diversas organizaciones sociales manifestaron su rechazo. Incluso los grandes patrocinadores globales del evento ya hab\u00edan comenzado a retirar sus aportes financieros ante la inminente llegada del artista.<\/p>\n\n\n\n<p>El Ejecutivo enfatiz\u00f3 que las palabras del rapero, calificadas de antisemitas y racistas, son incompatibles con los valores de convivencia del pa\u00eds.<\/p>\n\n\n\n<h2 class=\"wp-block-heading\">Colapso organizativo y cancelaci\u00f3n del Wireless Festival<\/h2>\n\n\n\n<p>La prohibici\u00f3n de ingreso provoc\u00f3 un efecto domin\u00f3 inmediato que termin\u00f3 por sepultar la realizaci\u00f3n del Wireless Festival en la capital brit\u00e1nica. Los organizadores del evento anunciaron la cancelaci\u00f3n total de las tres jornadas programadas tras confirmarse que no contaban con su atracci\u00f3n principal.<\/p>\n\n\n\n<p>La imposibilidad de garantizar el espect\u00e1culo estelar oblig\u00f3 a la productora a suspender la venta de entradas que iniciaba esta misma semana.<\/p>\n\n\n\n<h4 class=\"wp-block-heading\"><strong>[Lee tambi\u00e9n] <a href=\"https:\/\/www.lahora.cl\/tendencias\/actor-famoso-es-desalojado\/\" target=\"_blank\" rel=\"noopener\">Actor famoso es desalojado de su casa en Estados Unidos por deuda de US$ 60.000<\/a><\/strong><\/h4>\n\n\n\n<p>Este cierre forzado representa una p\u00e9rdida econ\u00f3mica millonaria para la industria cultural londinense y una frustraci\u00f3n masiva para el p\u00fablico asistente. El caso establece un fuerte precedente sobre la responsabilidad de los artistas y las consecuencias legales de sus discursos en el escenario global.<\/p>\n\n\n\n<p>Mientras el rapero invoca sus condiciones de salud para justificar sus actos, el Gobierno brit\u00e1nico prioriza la estabilidad y el respeto a su comunidad.<\/p>\n\n\n\n<p>El festival cancelado se suma a la larga lista de contratos y espacios que el m\u00fasico ha perdido debido a su comportamiento err\u00e1tico y ofensivo. La m\u00fasica, en esta ocasi\u00f3n, no fue suficiente para superar las barreras impuestas por la ley y la \u00e9tica institucional de una naci\u00f3n.<\/p>\n","protected":false},"excerpt":{"rendered":"<p>Firme ha sido la determinaci\u00f3n de autoridades brit\u00e1nicas sobre la movilidad de este cantante en Reino Unido. El Ministerio del Interior ha tomado una decisi\u00f3n sin precedentes que ha dejado a miles de fan\u00e1ticos sin el evento principal de la temporada. Gobierno proh\u00edbe la entrada de un cantante en este pa\u00eds y el festival es [&hellip;]<\/p>\n","protected":false},"author":2,"featured_media":2982,"comment_status":"open","ping_status":"open","sticky":false,"template":"","format":"standard","meta":{"jnews-multi-image_gallery":[],"jnews_single_post":{"format":"standard"},"jnews_primary_category":[],"jnews_social_meta":[],"jnews_post_split":[],"footnotes":""},"categories":[1],"tags":[587,953,1359,1360],"class_list":["post-2980","post","type-post","status-publish","format-standard","has-post-thumbnail","hentry","category-uncategorized","tag-cantante","tag-famoso","tag-kanye-west","tag-reino-unido"],"_links":{"self":[{"href":"https:\/\/lahoratendencias.audiencelabs.com.br\/wp-json\/wp\/v2\/posts\/2980","targetHints":{"allow":["GET"]}}],"collection":[{"href":"https:\/\/lahoratendencias.audiencelabs.com.br\/wp-json\/wp\/v2\/posts"}],"about":[{"href":"https:\/\/lahoratendencias.audiencelabs.com.br\/wp-json\/wp\/v2\/types\/post"}],"author":[{"embeddable":true,"href":"https:\/\/lahoratendencias.audiencelabs.com.br\/wp-json\/wp\/v2\/users\/2"}],"replies":[{"embeddable":true,"href":"https:\/\/lahoratendencias.audiencelabs.com.br\/wp-json\/wp\/v2\/comments?post=2980"}],"version-history":[{"count":2,"href":"https:\/\/lahoratendencias.audiencelabs.com.br\/wp-json\/wp\/v2\/posts\/2980\/revisions"}],"predecessor-version":[{"id":3011,"href":"https:\/\/lahoratendencias.audiencelabs.com.br\/wp-json\/wp\/v2\/posts\/2980\/revisions\/3011"}],"wp:featuredmedia":[{"embeddable":true,"href":"https:\/\/lahoratendencias.audiencelabs.com.br\/wp-json\/wp\/v2\/media\/2982"}],"wp:attachment":[{"href":"https:\/\/lahoratendencias.audiencelabs.com.br\/wp-json\/wp\/v2\/media?parent=2980"}],"wp:term":[{"taxonomy":"category","embeddable":true,"href":"https:\/\/lahoratendencias.audiencelabs.com.br\/wp-json\/wp\/v2\/categories?post=2980"},{"taxonomy":"post_tag","embeddable":true,"href":"https:\/\/lahoratendencias.audiencelabs.com.br\/wp-json\/wp\/v2\/tags?post=2980"}],"curies":[{"name":"wp","href":"https:\/\/api.w.org\/{rel}","templated":true}]}}