{"id":2166,"date":"2026-03-20T11:41:00","date_gmt":"2026-03-20T14:41:00","guid":{"rendered":"https:\/\/lahoratendencias.audiencelabs.com.br\/?p=2166"},"modified":"2026-03-20T12:24:22","modified_gmt":"2026-03-20T15:24:22","slug":"ley-menores-desde-los-13-anos","status":"publish","type":"post","link":"https:\/\/lahoratendencias.audiencelabs.com.br\/ley-menores-desde-los-13-anos\/","title":{"rendered":"Nueva ley ya est\u00e1 en vigor y menores desde los 13 a\u00f1os ya pueden ser detenidos en este pa\u00eds"},"content":{"rendered":"\n<p>El modelo de bienestar n\u00f3rdico enfrenta su prueba m\u00e1s amarga mientras las c\u00e1rceles de adultos se transforman en internados. La opini\u00f3n p\u00fablica internacional observa con asombro los preparativos en la prisi\u00f3n de Rosersberg.<\/p>\n\n\n\n<p>El gobierno sueco ha decidido rebajar la edad de responsabilidad criminal de 15 a 13 a\u00f1os para frenar el reclutamiento de las bandas.<\/p>\n\n\n\n<p>La medida busca evitar que el crimen organizado utilice a menores como &#8220;mano de obra&#8221; impune para tiroteos y atentados explosivos. Al norte de Estocolmo, los muros de concreto ya no solo albergan a criminales curtidos, sino que se adaptan para recibir a escolares.<\/p>\n\n\n\n<p>Acomp\u00e1\u00f1enos a conocer el interior de estas nuevas unidades y las feroces cr\u00edticas que tildan la reforma de &#8220;contraproducente&#8221;.<\/p>\n\n\n\n<h2 class=\"wp-block-heading\">Los cambios de la c\u00e1rcel de Rosersberg para menores<\/h2>\n\n\n\n<p>La unidad 51 de la prisi\u00f3n ha sido vaciada de adultos para dar paso a un espacio dise\u00f1ado exclusivamente para 24 ni\u00f1os. Las celdas de 10 metros cuadrados han cambiado el gris por el verde y ahora incluyen escritorios para que los reclusos hagan sus tareas.<\/p>\n\n\n\n<p>El director del penal, Gabriel Wessman, reconoce que el mayor reto ser\u00e1 actuar como guardianes legales de ni\u00f1os que duermen fuera de casa.<\/p>\n\n\n\n<h5 class=\"wp-block-heading\"><strong>[Te puede interesar] <a href=\"https:\/\/www.lahora.cl\/tendencias\/ninos-chilenos-25-no-recibe\/\" target=\"_blank\" rel=\"noopener\">Ni\u00f1os chilenos viven en inseguridad alimentaria: el 25% no recibe comidas en la escuela<\/a><\/strong><\/h5>\n\n\n\n<p>La ley obliga a que estos menores asistan a la escuela hasta los 16 a\u00f1os, por lo que se han construido aulas dentro de los corredores. A diferencia de los adultos, los ni\u00f1os estar\u00e1n acompa\u00f1ados permanentemente por guardias, incluso durante los partidos de f\u00fatbol en el patio.<\/p>\n\n\n\n<p>El personal ha sido duplicado para garantizar que los internos se levanten cada ma\u00f1ana y cumplan con sus obligaciones acad\u00e9micas.<\/p>\n\n\n\n<h2 class=\"wp-block-heading\">El debate que fractura la imagen de Suecia<\/h2>\n\n\n\n<p>Organizaciones como Bris denuncian que encarcelar a ni\u00f1os tan peque\u00f1os es una estocada al prestigio sueco en derechos humanos. Expertos legales advierten que esta medida podr\u00eda acelerar la carrera delictiva de los menores en lugar de frenarla por completo.<\/p>\n\n\n\n<p>&#8220;Meter a un ni\u00f1o en la c\u00e1rcel aumenta las probabilidades de reincidencia&#8221;, aseguran los detractores de la reforma conservadora.<\/p>\n\n\n\n<h5 class=\"wp-block-heading\"><strong>[Lee tambi\u00e9n] <a href=\"https:\/\/www.lahora.cl\/tendencias\/ley-aprobada-ninos-escuelas\/\" target=\"_blank\" rel=\"noopener\">Ley aprobada en Chile har\u00e1 que los ni\u00f1os permanezcan una hora m\u00e1s en las escuelas<\/a><\/strong><\/h5>\n\n\n\n<p>El gobierno, sin embargo, sostiene que las actuales casas de seguridad juvenil se han convertido en centros de reclutamiento para mafias. La normativa entrar\u00e1 en vigor el 1 de julio, marcando un cambio de paradigma penal que no se ve\u00eda en el pa\u00eds hace 150 a\u00f1os.<\/p>\n\n\n\n<p>Suecia deja de ser el espejo de la rehabilitaci\u00f3n para convertirse en el laboratorio de la mano dura contra el crimen infantil.<\/p>\n","protected":false},"excerpt":{"rendered":"<p>El modelo de bienestar n\u00f3rdico enfrenta su prueba m\u00e1s amarga mientras las c\u00e1rceles de adultos se transforman en internados. La opini\u00f3n p\u00fablica internacional observa con asombro los preparativos en la prisi\u00f3n de Rosersberg. El gobierno sueco ha decidido rebajar la edad de responsabilidad criminal de 15 a 13 a\u00f1os para frenar el reclutamiento de las [&hellip;]<\/p>\n","protected":false},"author":2,"featured_media":2167,"comment_status":"open","ping_status":"open","sticky":false,"template":"","format":"standard","meta":{"jnews-multi-image_gallery":[],"jnews_single_post":{"format":"standard"},"jnews_primary_category":[],"jnews_social_meta":[],"jnews_post_split":[],"footnotes":""},"categories":[1],"tags":[640,676,580,1035],"class_list":["post-2166","post","type-post","status-publish","format-standard","has-post-thumbnail","hentry","category-uncategorized","tag-carcel","tag-detenidos","tag-ninos","tag-prision"],"_links":{"self":[{"href":"https:\/\/lahoratendencias.audiencelabs.com.br\/wp-json\/wp\/v2\/posts\/2166","targetHints":{"allow":["GET"]}}],"collection":[{"href":"https:\/\/lahoratendencias.audiencelabs.com.br\/wp-json\/wp\/v2\/posts"}],"about":[{"href":"https:\/\/lahoratendencias.audiencelabs.com.br\/wp-json\/wp\/v2\/types\/post"}],"author":[{"embeddable":true,"href":"https:\/\/lahoratendencias.audiencelabs.com.br\/wp-json\/wp\/v2\/users\/2"}],"replies":[{"embeddable":true,"href":"https:\/\/lahoratendencias.audiencelabs.com.br\/wp-json\/wp\/v2\/comments?post=2166"}],"version-history":[{"count":1,"href":"https:\/\/lahoratendencias.audiencelabs.com.br\/wp-json\/wp\/v2\/posts\/2166\/revisions"}],"predecessor-version":[{"id":2168,"href":"https:\/\/lahoratendencias.audiencelabs.com.br\/wp-json\/wp\/v2\/posts\/2166\/revisions\/2168"}],"wp:featuredmedia":[{"embeddable":true,"href":"https:\/\/lahoratendencias.audiencelabs.com.br\/wp-json\/wp\/v2\/media\/2167"}],"wp:attachment":[{"href":"https:\/\/lahoratendencias.audiencelabs.com.br\/wp-json\/wp\/v2\/media?parent=2166"}],"wp:term":[{"taxonomy":"category","embeddable":true,"href":"https:\/\/lahoratendencias.audiencelabs.com.br\/wp-json\/wp\/v2\/categories?post=2166"},{"taxonomy":"post_tag","embeddable":true,"href":"https:\/\/lahoratendencias.audiencelabs.com.br\/wp-json\/wp\/v2\/tags?post=2166"}],"curies":[{"name":"wp","href":"https:\/\/api.w.org\/{rel}","templated":true}]}}