{"id":1691,"date":"2026-03-11T19:04:40","date_gmt":"2026-03-11T22:04:40","guid":{"rendered":"https:\/\/lahoratendencias.audiencelabs.com.br\/?p=1691"},"modified":"2026-03-11T19:09:50","modified_gmt":"2026-03-11T22:09:50","slug":"ninos-chilenos-25-no-recibe","status":"publish","type":"post","link":"https:\/\/lahoratendencias.audiencelabs.com.br\/ninos-chilenos-25-no-recibe\/","title":{"rendered":"Ni\u00f1os chilenos viven en inseguridad alimentaria: el 25% no recibe comidas en la escuela"},"content":{"rendered":"\n<p>El mapa de la vulnerabilidad en Chile muestra una herida abierta este 2026. Un reciente <a href=\"https:\/\/www.ciperchile.cl\/2026\/03\/10\/estudio-sobre-ninos-y-adolescentes-que-viven-en-campamentos-248-no-recibe-alimentos-en-sus-escuelas\/\" target=\"_blank\" rel=\"noopener\">estudio de la Fundaci\u00f3n Recrea <\/a>revel\u00f3 que la inseguridad alimentaria en los campamentos ha alcanzado niveles cr\u00edticos, superando todas las mediciones oficiales previas.<\/p>\n\n\n\n<p>La investigaci\u00f3n, realizada en las regiones con mayor concentraci\u00f3n de estos asentamientos, arroja un dato desolador: el 40% de quienes residen en ellos son menores de edad.<\/p>\n\n\n\n<p>De ese grupo, el 57% corresponde a ni\u00f1os chilenos que enfrentan diariamente la incertidumbre de no saber si podr\u00e1n comer. Esta crisis se agrava por una falla sist\u00e9mica en el lugar que deber\u00eda ser su refugio: la escuela.<\/p>\n\n\n\n<p>Casi un 25% de los ni\u00f1os y adolescentes que viven en campamentos no recibe ninguna comida en sus establecimientos educacionales, pese a estar escolarizados.<\/p>\n\n\n\n<h2 class=\"wp-block-heading\">Cuando el Estado invisibiliza el hambre de ni\u00f1os chilenos<\/h2>\n\n\n\n<p>La brecha entre la realidad de los campamentos y las cifras de la encuesta Casen es alarmante, especialmente en zonas como Biob\u00edo y Tarapac\u00e1. Mientras que a nivel nacional la inseguridad alimentaria ronda el 18%, en estos asentamientos salta a un preocupante 55%.<\/p>\n\n\n\n<p>Aunque la Junaeb administra el Programa de Alimentaci\u00f3n Escolar (PAE), el beneficio no est\u00e1 llegando a quienes m\u00e1s lo necesitan por falta de focalizaci\u00f3n.<\/p>\n\n\n\n<h5 class=\"wp-block-heading\"><strong>[Te puede interesar] <a href=\"https:\/\/www.lahora.cl\/tendencias\/ninos-sobrealimentacion\/\" target=\"_blank\" rel=\"noopener\">Estudio revela que casi el 60% de los ni\u00f1os en esta regi\u00f3n de Chile sufren de sobrealimentaci\u00f3n<\/a><\/strong><\/h5>\n\n\n\n<p>Alejandra Stevenson, directora de Recrea, advirti\u00f3 que muchos de estos ni\u00f1os son invisibilizados por sus propios colegios, que desconocen su situaci\u00f3n de vivienda. Si las familias no tienen recursos para comprar alimentos b\u00e1sicos y la escuela no provee la raci\u00f3n, el menor queda en un desamparo total.<\/p>\n\n\n\n<p>Esta carencia nutricional no solo afecta su salud f\u00edsica, sino que se convierte en el primer motor del fracaso escolar y el abandono.<\/p>\n\n\n\n<h2 class=\"wp-block-heading\">Alumnos que pierden el rumbo por la pobreza extrema<\/h2>\n\n\n\n<p>El estudio tambi\u00e9n detect\u00f3 un complejo escenario educativo, donde el 15% de los estudiantes presenta un desfase de dos o m\u00e1s a\u00f1os en su nivel escolar. Vivir en un campamento implica lidiar con falta de transporte, enfermedades por mala higiene y viviendas que no protegen del fr\u00edo ni del calor.<\/p>\n\n\n\n<p>Estas condiciones provocan una inasistencia cr\u00f3nica que deriva en la repitencia, factor principal del rezago educativo.<\/p>\n\n\n\n<h5 class=\"wp-block-heading\"><strong>[Lee tambi\u00e9n] <a href=\"https:\/\/www.lahora.cl\/tendencias\/salario-minimo-mensual-chile\/\" target=\"_blank\" rel=\"noopener\">\u00bfCu\u00e1l es el valor del salario m\u00ednimo mensual en Chile en 2026?<\/a><\/strong><\/h5>\n\n\n\n<p>Para un adolescente, estar en un curso con compa\u00f1eros mucho menores afecta su autoestima y termina empuj\u00e1ndolo fuera del sistema. La tasa de desvinculaci\u00f3n escolar en estos territorios ya duplica la media nacional, dejando a cientos de j\u00f3venes sin herramientas para el futuro.<\/p>\n\n\n\n<p>Sin una intervenci\u00f3n urgente que asegure alimentaci\u00f3n y nivelaci\u00f3n, el ciclo de la pobreza en los campamentos chilenos parece condenado a repetirse.<\/p>\n","protected":false},"excerpt":{"rendered":"<p>El mapa de la vulnerabilidad en Chile muestra una herida abierta este 2026. Un reciente estudio de la Fundaci\u00f3n Recrea revel\u00f3 que la inseguridad alimentaria en los campamentos ha alcanzado niveles cr\u00edticos, superando todas las mediciones oficiales previas. La investigaci\u00f3n, realizada en las regiones con mayor concentraci\u00f3n de estos asentamientos, arroja un dato desolador: el [&hellip;]<\/p>\n","protected":false},"author":2,"featured_media":1693,"comment_status":"open","ping_status":"open","sticky":false,"template":"","format":"standard","meta":{"jnews-multi-image_gallery":[],"jnews_single_post":{"format":"standard"},"jnews_primary_category":[],"jnews_social_meta":[],"jnews_post_split":[],"footnotes":""},"categories":[1],"tags":[803,804,805,580,802],"class_list":["post-1691","post","type-post","status-publish","format-standard","has-post-thumbnail","hentry","category-uncategorized","tag-alimentacion","tag-hambre","tag-junaeb","tag-ninos","tag-pobreza"],"_links":{"self":[{"href":"https:\/\/lahoratendencias.audiencelabs.com.br\/wp-json\/wp\/v2\/posts\/1691","targetHints":{"allow":["GET"]}}],"collection":[{"href":"https:\/\/lahoratendencias.audiencelabs.com.br\/wp-json\/wp\/v2\/posts"}],"about":[{"href":"https:\/\/lahoratendencias.audiencelabs.com.br\/wp-json\/wp\/v2\/types\/post"}],"author":[{"embeddable":true,"href":"https:\/\/lahoratendencias.audiencelabs.com.br\/wp-json\/wp\/v2\/users\/2"}],"replies":[{"embeddable":true,"href":"https:\/\/lahoratendencias.audiencelabs.com.br\/wp-json\/wp\/v2\/comments?post=1691"}],"version-history":[{"count":2,"href":"https:\/\/lahoratendencias.audiencelabs.com.br\/wp-json\/wp\/v2\/posts\/1691\/revisions"}],"predecessor-version":[{"id":1695,"href":"https:\/\/lahoratendencias.audiencelabs.com.br\/wp-json\/wp\/v2\/posts\/1691\/revisions\/1695"}],"wp:featuredmedia":[{"embeddable":true,"href":"https:\/\/lahoratendencias.audiencelabs.com.br\/wp-json\/wp\/v2\/media\/1693"}],"wp:attachment":[{"href":"https:\/\/lahoratendencias.audiencelabs.com.br\/wp-json\/wp\/v2\/media?parent=1691"}],"wp:term":[{"taxonomy":"category","embeddable":true,"href":"https:\/\/lahoratendencias.audiencelabs.com.br\/wp-json\/wp\/v2\/categories?post=1691"},{"taxonomy":"post_tag","embeddable":true,"href":"https:\/\/lahoratendencias.audiencelabs.com.br\/wp-json\/wp\/v2\/tags?post=1691"}],"curies":[{"name":"wp","href":"https:\/\/api.w.org\/{rel}","templated":true}]}}