{"id":1515,"date":"2026-03-09T09:46:00","date_gmt":"2026-03-09T12:46:00","guid":{"rendered":"https:\/\/lahoratendencias.audiencelabs.com.br\/?p=1515"},"modified":"2026-03-09T09:38:07","modified_gmt":"2026-03-09T12:38:07","slug":"chilenos-vehiculo-electrico","status":"publish","type":"post","link":"https:\/\/lahoratendencias.audiencelabs.com.br\/chilenos-vehiculo-electrico\/","title":{"rendered":"100.000 chilenos reciben \u201cde regalo\u201d un veh\u00edculo el\u00e9ctrico"},"content":{"rendered":"\n<p>La hist\u00f3rica desconexi\u00f3n que afectaba a la zona norte de la Regi\u00f3n Metropolitana ha llegado a su fin. M\u00e1s de 100 mil vecinos de la comuna de Tiltil cuentan desde este fin de semana con una flota de 40 buses el\u00e9ctricos de alto est\u00e1ndar.<\/p>\n\n\n\n<p>Esta iniciativa busca saldar una deuda pendiente con las localidades rurales que, por d\u00e9cadas, han luchado por un<a href=\"https:\/\/www.cnnchile.com\/pais\/tiltil-estrena-40-buses-electricos-mas-de-100-mil-habitantes-tendran-conexion-directa-con-santiago_20260308\/\" target=\"_blank\" rel=\"noopener\"> transporte digno y eficiente<\/a>.<\/p>\n\n\n\n<p>Los nuevos servicios permiten que los habitantes lleguen directamente a puntos clave de la capital, como el Terminal San Borja y Los Libertadores. Atr\u00e1s quedaron las largas esperas por m\u00e1quinas antiguas; hoy, la tecnolog\u00eda cero emisiones se toma las carreteras de la provincia de Chacabuco.<\/p>\n\n\n\n<h2 class=\"wp-block-heading\">Wifi, aire acondicionado y seguridad en veh\u00edculo el\u00e9ctrico<\/h2>\n\n\n\n<p>A diferencia de las micros urbanas tradicionales, estos veh\u00edculos est\u00e1n dise\u00f1ados para cubrir los 50 kil\u00f3metros que separan a Tiltil de Santiago. Cada bus cuenta con asientos de alta comodidad, aire acondicionado y conexi\u00f3n wifi gratuita para todos los pasajeros durante el recorrido.<\/p>\n\n\n\n<p>La seguridad tambi\u00e9n es prioridad, incorporando c\u00e1maras de vigilancia de alta definici\u00f3n y cabinas blindadas para la protecci\u00f3n de los conductores.<\/p>\n\n\n\n<h5 class=\"wp-block-heading\"><strong>[Te puede interesar] <a href=\"https:\/\/www.lahora.cl\/tendencias\/musk-duenos-autos-electricos\/\" target=\"_blank\" rel=\"noopener\">Elon Musk env\u00eda importante mensaje a todos los due\u00f1os de autos el\u00e9ctricos en Chile<\/a><\/strong><\/h5>\n\n\n\n<p>Los usuarios podr\u00e1n cargar sus dispositivos m\u00f3viles mediante puertos USB integrados, transformando el tiempo de viaje en un espacio productivo o de descanso. Localidades como Huertos Familiares, Polpaico y Las Canteras se ver\u00e1n directamente beneficiadas por estos recorridos que operan hasta las 22:00 horas.<\/p>\n\n\n\n<p>El ministro de Transportes, Juan Carlos Mu\u00f1oz, destac\u00f3 que este avance reduce significativamente la brecha de calidad entre el centro y la periferia.<\/p>\n\n\n\n<h2 class=\"wp-block-heading\">Pagos con c\u00f3digo QR y tarjetas bancarias llegan a la zona rural<\/h2>\n\n\n\n<p>Una de las transformaciones m\u00e1s profundas de este nuevo servicio es la digitalizaci\u00f3n total del sistema de recaudo en la zona norte. Los pasajeros ya no necesitar\u00e1n monedas para pagar su pasaje, ya que los buses aceptan tarjetas de d\u00e9bito, cr\u00e9dito y pagos mediante c\u00f3digo QR.<\/p>\n\n\n\n<p>Para asegurar la inclusi\u00f3n, el Gobierno Regional contempla la entrega de tarjetas especiales para los adultos mayores que no utilicen tecnolog\u00eda digital.<\/p>\n\n\n\n<h5 class=\"wp-block-heading\"><strong>[Lee tambi\u00e9n] <a href=\"https:\/\/www.lahora.cl\/tendencias\/cambia-vida-los-conductores\/\" target=\"_blank\" rel=\"noopener\">Ley aprobada en Chile cambia la vida de todos los conductores a\u00fan en 2026<\/a><\/strong><\/h5>\n\n\n\n<p>La empresa operadora, Mobility, ha contratado a m\u00e1s de 60 trabajadores locales, cifra que se espera duplicar en los pr\u00f3ximos meses de operaci\u00f3n. El gobernador Claudio Orrego calific\u00f3 este proyecto como un acto de &#8220;justicia territorial&#8221; para una comuna que suele ser postergada en la inversi\u00f3n.<\/p>\n\n\n\n<p>Con este despliegue, Tiltil se integra definitivamente al sistema de transporte moderno, dejando en el pasado la precariedad de los servicios rurales.<\/p>\n","protected":false},"excerpt":{"rendered":"<p>La hist\u00f3rica desconexi\u00f3n que afectaba a la zona norte de la Regi\u00f3n Metropolitana ha llegado a su fin. M\u00e1s de 100 mil vecinos de la comuna de Tiltil cuentan desde este fin de semana con una flota de 40 buses el\u00e9ctricos de alto est\u00e1ndar. Esta iniciativa busca saldar una deuda pendiente con las localidades rurales [&hellip;]<\/p>\n","protected":false},"author":2,"featured_media":1516,"comment_status":"open","ping_status":"open","sticky":false,"template":"","format":"standard","meta":{"jnews-multi-image_gallery":[],"jnews_single_post":{"format":"standard"},"jnews_primary_category":[],"jnews_social_meta":[],"jnews_post_split":[],"footnotes":""},"categories":[1],"tags":[366,719,718],"class_list":["post-1515","post","type-post","status-publish","format-standard","has-post-thumbnail","hentry","category-uncategorized","tag-buses","tag-electrico","tag-vehiculo"],"_links":{"self":[{"href":"https:\/\/lahoratendencias.audiencelabs.com.br\/wp-json\/wp\/v2\/posts\/1515","targetHints":{"allow":["GET"]}}],"collection":[{"href":"https:\/\/lahoratendencias.audiencelabs.com.br\/wp-json\/wp\/v2\/posts"}],"about":[{"href":"https:\/\/lahoratendencias.audiencelabs.com.br\/wp-json\/wp\/v2\/types\/post"}],"author":[{"embeddable":true,"href":"https:\/\/lahoratendencias.audiencelabs.com.br\/wp-json\/wp\/v2\/users\/2"}],"replies":[{"embeddable":true,"href":"https:\/\/lahoratendencias.audiencelabs.com.br\/wp-json\/wp\/v2\/comments?post=1515"}],"version-history":[{"count":1,"href":"https:\/\/lahoratendencias.audiencelabs.com.br\/wp-json\/wp\/v2\/posts\/1515\/revisions"}],"predecessor-version":[{"id":1517,"href":"https:\/\/lahoratendencias.audiencelabs.com.br\/wp-json\/wp\/v2\/posts\/1515\/revisions\/1517"}],"wp:featuredmedia":[{"embeddable":true,"href":"https:\/\/lahoratendencias.audiencelabs.com.br\/wp-json\/wp\/v2\/media\/1516"}],"wp:attachment":[{"href":"https:\/\/lahoratendencias.audiencelabs.com.br\/wp-json\/wp\/v2\/media?parent=1515"}],"wp:term":[{"taxonomy":"category","embeddable":true,"href":"https:\/\/lahoratendencias.audiencelabs.com.br\/wp-json\/wp\/v2\/categories?post=1515"},{"taxonomy":"post_tag","embeddable":true,"href":"https:\/\/lahoratendencias.audiencelabs.com.br\/wp-json\/wp\/v2\/tags?post=1515"}],"curies":[{"name":"wp","href":"https:\/\/api.w.org\/{rel}","templated":true}]}}