{"id":1488,"date":"2026-03-06T18:05:00","date_gmt":"2026-03-06T21:05:00","guid":{"rendered":"https:\/\/lahoratendencias.audiencelabs.com.br\/?p=1488"},"modified":"2026-03-06T14:03:56","modified_gmt":"2026-03-06T17:03:56","slug":"musk-duenos-autos-electricos","status":"publish","type":"post","link":"https:\/\/lahoratendencias.audiencelabs.com.br\/musk-duenos-autos-electricos\/","title":{"rendered":"Elon Musk env\u00eda importante mensaje a todos los due\u00f1os de autos el\u00e9ctricos en Chile"},"content":{"rendered":"\n<p>Los due\u00f1os de autos el\u00e9ctricos en territorio nacional acaban de recibir el impulso definitivo que tanto esperaban en 2026. Elon Musk, a trav\u00e9s de Tesla, ha enviado un mensaje claro a Chile: la autonom\u00eda ya no ser\u00e1 una preocupaci\u00f3n para recorrer las carreteras del pa\u00eds.<\/p>\n\n\n\n<p>En una alianza estrat\u00e9gica con Copec, el gigante tecnol\u00f3gico desplegar\u00e1 una <a href=\"https:\/\/www.emol.com\/noticias\/Tendencias\/2026\/01\/28\/1189929\/copec-tesla-cargadores-electricos.html\" target=\"_blank\" rel=\"noopener\">red de cargadores ultra r\u00e1pidos<\/a> entre La Serena y Puerto Montt.<\/p>\n\n\n\n<p>Este plan busca eliminar la &#8220;ansiedad de rango&#8221; que afecta a quienes poseen veh\u00edculos cero emisiones y desean realizar viajes de larga distancia. La noticia llega en un momento clave, con un crecimiento del 54,7% en la inscripci\u00f3n de veh\u00edculos electrificados durante el \u00faltimo a\u00f1o en Chile.<\/p>\n\n\n\n<h2 class=\"wp-block-heading\">Supercargadores cada 200 kil\u00f3metros para autos el\u00e9ctricos<\/h2>\n\n\n\n<p>El despliegue considera la instalaci\u00f3n de estaciones Tesla Supercharger con una potencia de hasta 250 kW en puntos clave de la red Copec. Estas estaciones estar\u00e1n ubicadas estrat\u00e9gicamente cada 200 kil\u00f3metros, asegurando una cobertura continua para los traslados interurbanos.<\/p>\n\n\n\n<p>Lo m\u00e1s impresionante de esta tecnolog\u00eda es su rapidez: los conductores podr\u00e1n obtener 280 kil\u00f3metros de autonom\u00eda con solo 15 minutos de conexi\u00f3n.<\/p>\n\n\n\n<h5 class=\"wp-block-heading\"><strong>[Te puede interesar] <a href=\"https:\/\/www.lahora.cl\/tendencias\/nuevo-auto-de-la-formula-1\/\" target=\"_blank\" rel=\"noopener\">Nuevo auto de la Formula 1 tard\u00f3 1.254 horas en fabricarse y sorprende con 350 kg<\/a><\/strong><\/h5>\n\n\n\n<p>Adem\u00e1s, todos estos equipos operar\u00e1n con energ\u00eda 100% renovable, reafirmando el compromiso con una movilidad limpia y sustentable. Esta infraestructura de clase mundial permitir\u00e1 que los veh\u00edculos el\u00e9ctricos dejen de ser un transporte urbano para convertirse en una opci\u00f3n real de viaje.<\/p>\n\n\n\n<p>La implementaci\u00f3n ser\u00e1 gradual durante todo este 2026, transformando las estaciones de servicio en verdaderos centros tecnol\u00f3gicos de energ\u00eda verde.<\/p>\n\n\n\n<h2 class=\"wp-block-heading\">La integraci\u00f3n de Copec Voltex con el ecosistema de Musk<\/h2>\n\n\n\n<p>La alianza no solo beneficia a los due\u00f1os de un Tesla, sino que busca robustecer todo el ecosistema de carga el\u00e9ctrica en el pa\u00eds. En las mismas estaciones coexistir\u00e1n los cargadores de la firma de Musk junto a la renovada infraestructura de Copec Voltex.<\/p>\n\n\n\n<p>Esta red propia de la distribuidora nacional apunta a alcanzar potencias de hasta 600 kW, estableciendo un nuevo est\u00e1ndar para Sudam\u00e9rica.<\/p>\n\n\n\n<h5 class=\"wp-block-heading\"><strong>[Lee tambi\u00e9n] <a href=\"https:\/\/www.lahora.cl\/tendencias\/velocidad-maxima-autopistas\/\" target=\"_blank\" rel=\"noopener\">Velocidad m\u00e1xima en las autopistas de Chile: c\u00f3mo quedaron definidas para 2026<\/a><\/strong><\/h5>\n\n\n\n<p>Los pagos se podr\u00e1n gestionar de manera sencilla a trav\u00e9s de la App Copec y la App Tesla, permitiendo el acceso a programas de fidelizaci\u00f3n locales. Arturo Natho, gerente general de Copec, destac\u00f3 que esta colaboraci\u00f3n mejora la experiencia del usuario y acelera la transici\u00f3n energ\u00e9tica en Chile.<\/p>\n\n\n\n<p>Con esta movida, Chile se posiciona a la vanguardia de la regi\u00f3n, ofreciendo una red de carga confiable, r\u00e1pida y accesible para todos.<\/p>\n","protected":false},"excerpt":{"rendered":"<p>Los due\u00f1os de autos el\u00e9ctricos en territorio nacional acaban de recibir el impulso definitivo que tanto esperaban en 2026. Elon Musk, a trav\u00e9s de Tesla, ha enviado un mensaje claro a Chile: la autonom\u00eda ya no ser\u00e1 una preocupaci\u00f3n para recorrer las carreteras del pa\u00eds. En una alianza estrat\u00e9gica con Copec, el gigante tecnol\u00f3gico desplegar\u00e1 [&hellip;]<\/p>\n","protected":false},"author":2,"featured_media":1489,"comment_status":"open","ping_status":"open","sticky":false,"template":"","format":"standard","meta":{"jnews-multi-image_gallery":[],"jnews_single_post":{"format":"standard"},"jnews_primary_category":[],"jnews_social_meta":[],"jnews_post_split":[],"footnotes":""},"categories":[1],"tags":[700,702,178,701],"class_list":["post-1488","post","type-post","status-publish","format-standard","has-post-thumbnail","hentry","category-uncategorized","tag-autos-electricos","tag-copec","tag-elon-musk","tag-tesla"],"_links":{"self":[{"href":"https:\/\/lahoratendencias.audiencelabs.com.br\/wp-json\/wp\/v2\/posts\/1488","targetHints":{"allow":["GET"]}}],"collection":[{"href":"https:\/\/lahoratendencias.audiencelabs.com.br\/wp-json\/wp\/v2\/posts"}],"about":[{"href":"https:\/\/lahoratendencias.audiencelabs.com.br\/wp-json\/wp\/v2\/types\/post"}],"author":[{"embeddable":true,"href":"https:\/\/lahoratendencias.audiencelabs.com.br\/wp-json\/wp\/v2\/users\/2"}],"replies":[{"embeddable":true,"href":"https:\/\/lahoratendencias.audiencelabs.com.br\/wp-json\/wp\/v2\/comments?post=1488"}],"version-history":[{"count":1,"href":"https:\/\/lahoratendencias.audiencelabs.com.br\/wp-json\/wp\/v2\/posts\/1488\/revisions"}],"predecessor-version":[{"id":1490,"href":"https:\/\/lahoratendencias.audiencelabs.com.br\/wp-json\/wp\/v2\/posts\/1488\/revisions\/1490"}],"wp:featuredmedia":[{"embeddable":true,"href":"https:\/\/lahoratendencias.audiencelabs.com.br\/wp-json\/wp\/v2\/media\/1489"}],"wp:attachment":[{"href":"https:\/\/lahoratendencias.audiencelabs.com.br\/wp-json\/wp\/v2\/media?parent=1488"}],"wp:term":[{"taxonomy":"category","embeddable":true,"href":"https:\/\/lahoratendencias.audiencelabs.com.br\/wp-json\/wp\/v2\/categories?post=1488"},{"taxonomy":"post_tag","embeddable":true,"href":"https:\/\/lahoratendencias.audiencelabs.com.br\/wp-json\/wp\/v2\/tags?post=1488"}],"curies":[{"name":"wp","href":"https:\/\/api.w.org\/{rel}","templated":true}]}}