{"id":1048,"date":"2026-02-26T18:28:05","date_gmt":"2026-02-26T21:28:05","guid":{"rendered":"https:\/\/lahoratendencias.audiencelabs.com.br\/?p=1048"},"modified":"2026-02-26T18:28:08","modified_gmt":"2026-02-26T21:28:08","slug":"conservar-platano-mas-tiempo","status":"publish","type":"post","link":"https:\/\/lahoratendencias.audiencelabs.com.br\/conservar-platano-mas-tiempo\/","title":{"rendered":"C\u00f3mo conservar el pl\u00e1tano por m\u00e1s tiempo (sin refrigerador)"},"content":{"rendered":"\n<p>El pl\u00e1tano es, sin duda, uno de los protagonistas infaltables en la feria y en la mesa de las familias chilenas.<\/p>\n\n\n\n<p>Sin embargo, pocos alimentos generan tanta frustraci\u00f3n como comprar un racimo perfecto y descubrir que, en apenas un par de d\u00edas de calor, se ha vuelto una mancha negra.<\/p>\n\n\n\n<p>La rapidez con la que esta fruta madura suele terminar en desperdicio de comida y, por consecuencia, en un golpe innecesario al presupuesto del hogar. Afortunadamente, existen <a href=\"https:\/\/www.terra.com.br\/vida-e-estilo\/degusta\/receitas\/como-conservar-banana-por-mais-tempo-sem-geladeira,6e852a47e49d452740af3e51bcaf6dc7ahkzea5n.html\" target=\"_blank\" rel=\"noopener\">secretos guardados por los feriantes<\/a> que permiten estirar la vida \u00fatil de esta fruta sin necesidad de ocupar espacio en el refrigerador.<\/p>\n\n\n\n<p>Dominar el arte de almacenar los pl\u00e1tanos marca una diferencia real en la rutina diaria, permitiendo disfrutar de su textura ideal por mucho m\u00e1s tiempo. Acomp\u00e1\u00f1enos a descubrir c\u00f3mo peque\u00f1as precauciones pueden retrasar el oscurecimiento y mantener el sabor intacto en su frutera.<\/p>\n\n\n\n<h2 class=\"wp-block-heading\">Por qu\u00e9 separarlos es la clave del \u00e9xito<\/h2>\n\n\n\n<p>La mayor\u00eda de la gente comete el error de dejar el racimo completo sobre la mesa, lo que acelera un proceso qu\u00edmico inevitable.<\/p>\n\n\n\n<p>Los pl\u00e1tanos unidos liberan un gas natural llamado etileno, el cual act\u00faa como un combustible que apura la maduraci\u00f3n de todas las unidades al mismo tiempo. Al separar cada dedo del racimo, se interrumpe este circuito de gas, permitiendo que cada unidad evolucione de forma independiente y m\u00e1s lenta.<\/p>\n\n\n\n<p>Es un gesto extremadamente sencillo que no toma m\u00e1s de diez segundos, pero que ya marca una diferencia notable en la duraci\u00f3n de la fruta.<\/p>\n\n\n\n<h5 class=\"wp-block-heading\"><strong>Te puede interesar: <a href=\"https:\/\/www.lahora.cl\/tendencias\/solucion-contra-moscas-casa\/\" target=\"_blank\" rel=\"noopener\">Soluci\u00f3n casera ayuda a espantar las moscas de tu casa<\/a><\/strong><\/h5>\n\n\n\n<p>Otra t\u00e9cnica infalible consiste en proteger el &#8220;mango&#8221; o la parte superior donde se un\u00eda el pl\u00e1tano al resto de la estructura. Esta zona es precisamente la que m\u00e1s gas libera, por lo que envolverla con un trozo de film pl\u00e1stico o papel de aluminio es vital.<\/p>\n\n\n\n<p>Al reducir el contacto de esta \u00e1rea con el aire, se ralentiza dr\u00e1sticamente el proceso de oxidaci\u00f3n que suele empezar por las puntas. Este blindaje casero es el mejor aliado para quienes compran la fruta una vez a la semana y quieren que llegue impecable hasta el pr\u00f3ximo domingo.<\/p>\n\n\n\n<h2 class=\"wp-block-heading\">Enemigos silenciosos en la cocina chilena<\/h2>\n\n\n\n<p>Elegir el lugar adecuado para la frutera es tan importante como la forma en que se manipula la fruta antes de guardarla. Muchos cometen el error de dejar los pl\u00e1tanos cerca de la cocina o en lugares donde les llega el sol directo a trav\u00e9s de la ventana.<\/p>\n\n\n\n<p>El calor excesivo y la luz directa son los peores enemigos, ya que cocinan la pulpa desde el interior antes de que alcancemos a consumirla.<\/p>\n\n\n\n<p>Lo ideal es buscar un rinc\u00f3n fresco, seco y, sobre todo, que tenga una buena ventilaci\u00f3n para que los gases no se acumulen. Tambi\u00e9n es fundamental evitar colocar los pl\u00e1tanos junto a otras frutas que son &#8220;aceleradoras&#8221; naturales, como las manzanas o las papayas.<\/p>\n\n\n\n<h5 class=\"wp-block-heading\"><strong>Recomendado: <a href=\"https:\/\/www.lahora.cl\/tendencias\/verdura-olvidada-potenciar\/\" target=\"_blank\" rel=\"noopener\">Verdura \u201colvidada\u201d puede potenciar la salud de la piel y de los ojos en hasta un 400%<\/a><\/strong><\/h5>\n\n\n\n<p>Estas especies tambi\u00e9n liberan etileno en grandes cantidades, creando una atm\u00f3sfera de maduraci\u00f3n express que arruinar\u00e1 sus pl\u00e1tanos en tiempo r\u00e9cord.<\/p>\n\n\n\n<p>Otro error habitual es mantener la fruta dentro de bolsas de pl\u00e1stico selladas, las cuales atrapan la humedad y el calor residual. Esto no solo hace que el pl\u00e1tano se madure m\u00e1s r\u00e1pido, sino que favorece que se oscurezca por dentro y pierda su firmeza caracter\u00edstica.<\/p>\n\n\n\n<p>Lo mejor es dejarlos sueltos en fruteros abiertos, permitiendo que el aire circule libremente entre cada pieza de fruta. Con estas peque\u00f1as precauciones diarias, es posible evitar desperdicios, ahorrar dinero y asegurar que cada colaci\u00f3n mantenga su calidad nutricional.<\/p>\n","protected":false},"excerpt":{"rendered":"<p>El pl\u00e1tano es, sin duda, uno de los protagonistas infaltables en la feria y en la mesa de las familias chilenas. Sin embargo, pocos alimentos generan tanta frustraci\u00f3n como comprar un racimo perfecto y descubrir que, en apenas un par de d\u00edas de calor, se ha vuelto una mancha negra. La rapidez con la que [&hellip;]<\/p>\n","protected":false},"author":2,"featured_media":1049,"comment_status":"open","ping_status":"open","sticky":false,"template":"","format":"standard","meta":{"jnews-multi-image_gallery":[],"jnews_single_post":{"format":"standard"},"jnews_primary_category":[],"jnews_social_meta":[],"jnews_post_split":[],"footnotes":""},"categories":[1],"tags":[450,495,505],"class_list":["post-1048","post","type-post","status-publish","format-standard","has-post-thumbnail","hentry","category-uncategorized","tag-alimentos","tag-frutas","tag-platano"],"_links":{"self":[{"href":"https:\/\/lahoratendencias.audiencelabs.com.br\/wp-json\/wp\/v2\/posts\/1048","targetHints":{"allow":["GET"]}}],"collection":[{"href":"https:\/\/lahoratendencias.audiencelabs.com.br\/wp-json\/wp\/v2\/posts"}],"about":[{"href":"https:\/\/lahoratendencias.audiencelabs.com.br\/wp-json\/wp\/v2\/types\/post"}],"author":[{"embeddable":true,"href":"https:\/\/lahoratendencias.audiencelabs.com.br\/wp-json\/wp\/v2\/users\/2"}],"replies":[{"embeddable":true,"href":"https:\/\/lahoratendencias.audiencelabs.com.br\/wp-json\/wp\/v2\/comments?post=1048"}],"version-history":[{"count":1,"href":"https:\/\/lahoratendencias.audiencelabs.com.br\/wp-json\/wp\/v2\/posts\/1048\/revisions"}],"predecessor-version":[{"id":1050,"href":"https:\/\/lahoratendencias.audiencelabs.com.br\/wp-json\/wp\/v2\/posts\/1048\/revisions\/1050"}],"wp:featuredmedia":[{"embeddable":true,"href":"https:\/\/lahoratendencias.audiencelabs.com.br\/wp-json\/wp\/v2\/media\/1049"}],"wp:attachment":[{"href":"https:\/\/lahoratendencias.audiencelabs.com.br\/wp-json\/wp\/v2\/media?parent=1048"}],"wp:term":[{"taxonomy":"category","embeddable":true,"href":"https:\/\/lahoratendencias.audiencelabs.com.br\/wp-json\/wp\/v2\/categories?post=1048"},{"taxonomy":"post_tag","embeddable":true,"href":"https:\/\/lahoratendencias.audiencelabs.com.br\/wp-json\/wp\/v2\/tags?post=1048"}],"curies":[{"name":"wp","href":"https:\/\/api.w.org\/{rel}","templated":true}]}}